{"id":13001,"date":"2020-07-20T11:17:32","date_gmt":"2020-07-20T10:17:32","guid":{"rendered":"https:\/\/anakena.de\/?p=13001"},"modified":"2023-07-31T09:05:33","modified_gmt":"2023-07-31T08:05:33","slug":"cuidados-de-verano-con-monoi-de-tahiti","status":"publish","type":"post","link":"https:\/\/anakena.de\/es\/sommerpflege-mit-monoi-de-tahiti\/","title":{"rendered":"Cuidados de verano con el Mono\u00ef de Tahit\u00ed"},"content":{"rendered":"<p>\u00bfSab\u00eda que nuestro aceite de Mono\u00ef de Tahit\u00ed es un magn\u00edfico producto de protecci\u00f3n solar y que tambi\u00e9n es adecuado para el cuidado despu\u00e9s del sol?<br \/>El aceite dorado es rico en \u00e1cidos grasos esenciales y es especialmente apreciado por sus propiedades nutritivas e hidratantes, ya que nutre intensamente la piel estresada por el sol. Extender una peque\u00f1a cantidad del aceite de mono\u00ef muy rico en el cuerpo, y especialmente en las zonas del cuerpo muy expuestas al sol, como el rostro, los hombros, el escote y los pies. La piel se calma y recupera su elasticidad. El Mono\u00ef de Tahit\u00ed embellece el bronceado de las pieles bronceadas y proporciona una maravillosa sensaci\u00f3n de bienestar.<\/p>\n<p>Tenga en cuenta: El Mono\u00ef de Tahit\u00ed no contiene factor de protecci\u00f3n solar y, por lo tanto, no sustituye el uso de un protector solar.<\/p>\n<p>Puedes encontrar m\u00e1s consejos de cuidado <a href=\"https:\/\/anakena.de\/unser-sortiment\/monoi-de-tahiti\/\" target=\"_blank\" rel=\"noopener noreferrer\"><span style=\"color: #cdaa58;\">aqu\u00ed<span style=\"color: #000000;\">:<\/span><\/span><\/a><br \/><a href=\"https:\/\/anakena.de\/unser-sortiment\/monoi-de-tahiti\/\" target=\"_blank\" rel=\"noopener noreferrer\"><span style=\"color: #cdaa58;\">https:\/\/anakena.de\/unser-sortiment\/monoi-de-tahiti\/<\/span><\/a><\/p>","protected":false},"excerpt":{"rendered":"<p>Wussten Sie, dass unser Mono\u00ef de Tahiti \u00d6l ein wunderbares Sonnenpflegemittel ist und auch als After-Sun-Pflege geeignet ist?Das goldfarbene \u00d6l ist reich an essenziellen Fetts\u00e4uren und wird vor allem f\u00fcr seine n\u00e4hrenden und feuchtigkeitsspendenden Eigenschaften gesch\u00e4tzt, es pflegt die von der Sonne beanspruchte Haut intensiv. Verteilen Sie eine kleine Menge von dem sehr ergiebigen Mono\u00ef-\u00d6l [&hellip;]<\/p>\n","protected":false},"author":8,"featured_media":13002,"comment_status":"closed","ping_status":"closed","sticky":false,"template":"","format":"standard","meta":{"content-type":"","inline_featured_image":false,"ocean_post_layout":"","ocean_both_sidebars_style":"","ocean_both_sidebars_content_width":0,"ocean_both_sidebars_sidebars_width":0,"ocean_sidebar":"0","ocean_second_sidebar":"0","ocean_disable_margins":"enable","ocean_add_body_class":"","ocean_shortcode_before_top_bar":"","ocean_shortcode_after_top_bar":"","ocean_shortcode_before_header":"","ocean_shortcode_after_header":"","ocean_has_shortcode":"","ocean_shortcode_after_title":"","ocean_shortcode_before_footer_widgets":"","ocean_shortcode_after_footer_widgets":"","ocean_shortcode_before_footer_bottom":"","ocean_shortcode_after_footer_bottom":"","ocean_display_top_bar":"default","ocean_display_header":"default","ocean_header_style":"","ocean_center_header_left_menu":"0","ocean_custom_header_template":"0","ocean_custom_logo":0,"ocean_custom_retina_logo":0,"ocean_custom_logo_max_width":0,"ocean_custom_logo_tablet_max_width":0,"ocean_custom_logo_mobile_max_width":0,"ocean_custom_logo_max_height":0,"ocean_custom_logo_tablet_max_height":0,"ocean_custom_logo_mobile_max_height":0,"ocean_header_custom_menu":"0","ocean_menu_typo_font_family":"0","ocean_menu_typo_font_subset":"","ocean_menu_typo_font_size":0,"ocean_menu_typo_font_size_tablet":0,"ocean_menu_typo_font_size_mobile":0,"ocean_menu_typo_font_size_unit":"px","ocean_menu_typo_font_weight":"","ocean_menu_typo_font_weight_tablet":"","ocean_menu_typo_font_weight_mobile":"","ocean_menu_typo_transform":"","ocean_menu_typo_transform_tablet":"","ocean_menu_typo_transform_mobile":"","ocean_menu_typo_line_height":0,"ocean_menu_typo_line_height_tablet":0,"ocean_menu_typo_line_height_mobile":0,"ocean_menu_typo_line_height_unit":"","ocean_menu_typo_spacing":0,"ocean_menu_typo_spacing_tablet":0,"ocean_menu_typo_spacing_mobile":0,"ocean_menu_typo_spacing_unit":"","ocean_menu_link_color":"","ocean_menu_link_color_hover":"","ocean_menu_link_color_active":"","ocean_menu_link_background":"","ocean_menu_link_hover_background":"","ocean_menu_link_active_background":"","ocean_menu_social_links_bg":"","ocean_menu_social_hover_links_bg":"","ocean_menu_social_links_color":"","ocean_menu_social_hover_links_color":"","ocean_disable_title":"default","ocean_disable_heading":"default","ocean_post_title":"","ocean_post_subheading":"","ocean_post_title_style":"","ocean_post_title_background_color":"","ocean_post_title_background":0,"ocean_post_title_bg_image_position":"","ocean_post_title_bg_image_attachment":"","ocean_post_title_bg_image_repeat":"","ocean_post_title_bg_image_size":"","ocean_post_title_height":0,"ocean_post_title_bg_overlay":0.5,"ocean_post_title_bg_overlay_color":"","ocean_disable_breadcrumbs":"default","ocean_breadcrumbs_color":"","ocean_breadcrumbs_separator_color":"","ocean_breadcrumbs_links_color":"","ocean_breadcrumbs_links_hover_color":"","ocean_display_footer_widgets":"default","ocean_display_footer_bottom":"default","ocean_custom_footer_template":"0","ocean_post_oembed":"","ocean_post_self_hosted_media":"","ocean_post_video_embed":"","ocean_link_format":"","ocean_link_format_target":"self","ocean_quote_format":"","ocean_quote_format_link":"post","ocean_gallery_link_images":"off","ocean_gallery_id":[],"footnotes":""},"categories":[97],"tags":[],"class_list":["post-13001","post","type-post","status-publish","format-standard","has-post-thumbnail","hentry","category-anakena-kosmetik","entry","has-media","owp-thumbs-layout-horizontal","owp-btn-normal","owp-tabs-layout-vertical","has-no-thumbnails","has-product-nav"],"amp_enabled":true,"_links":{"self":[{"href":"https:\/\/anakena.de\/es\/wp-json\/wp\/v2\/posts\/13001","targetHints":{"allow":["GET"]}}],"collection":[{"href":"https:\/\/anakena.de\/es\/wp-json\/wp\/v2\/posts"}],"about":[{"href":"https:\/\/anakena.de\/es\/wp-json\/wp\/v2\/types\/post"}],"author":[{"embeddable":true,"href":"https:\/\/anakena.de\/es\/wp-json\/wp\/v2\/users\/8"}],"replies":[{"embeddable":true,"href":"https:\/\/anakena.de\/es\/wp-json\/wp\/v2\/comments?post=13001"}],"version-history":[{"count":0,"href":"https:\/\/anakena.de\/es\/wp-json\/wp\/v2\/posts\/13001\/revisions"}],"wp:featuredmedia":[{"embeddable":true,"href":"https:\/\/anakena.de\/es\/wp-json\/wp\/v2\/media\/13002"}],"wp:attachment":[{"href":"https:\/\/anakena.de\/es\/wp-json\/wp\/v2\/media?parent=13001"}],"wp:term":[{"taxonomy":"category","embeddable":true,"href":"https:\/\/anakena.de\/es\/wp-json\/wp\/v2\/categories?post=13001"},{"taxonomy":"post_tag","embeddable":true,"href":"https:\/\/anakena.de\/es\/wp-json\/wp\/v2\/tags?post=13001"}],"curies":[{"name":"wp","href":"https:\/\/api.w.org\/{rel}","templated":true}]}}