{"id":23958,"date":"2025-01-28T23:36:14","date_gmt":"2025-01-28T22:36:14","guid":{"rendered":"https:\/\/anakena.de\/?p=23958"},"modified":"2025-02-11T03:48:16","modified_gmt":"2025-02-11T02:48:16","slug":"nuestra-experiencia-en-cosmoprof-miami-2025","status":"publish","type":"post","link":"https:\/\/anakena.de\/es\/unsere-erfahrung-auf-der-cosmoprof-miami-2025\/","title":{"rendered":"Nuestra experiencia en Cosmoprof Miami 2025"},"content":{"rendered":"<p>La semana pasada fue un hito importante para nuestra marca indie Anakena - Cosm\u00e9tica Natural: Por primera vez, fuimos expositores en la <a href=\"https:\/\/cosmoprofnorthamerica.com\/about-cosmoprof-na\/\" target=\"_blank\" rel=\"noopener\"><span style=\"color: #cdaa58;\"><strong>Cosmoprof North America Miami<\/strong><\/span><\/a> una de las principales ferias internacionales B2B del sector de la belleza. Desde el <strong>Del 21 al 23 de enero de 2025<\/strong> Marcas, minoristas, compradores y expertos de todo el mundo se reunieron para presentar las \u00faltimas tendencias e innovaciones del sector.<\/p>\n<p>Durante los tres d\u00edas de la feria, tuvimos la oportunidad de presentar nuestras dos l\u00edneas de productos, Anakena Germany y <a href=\"https:\/\/anakena-cosmetics.cl\/en\/\" target=\"_blank\" rel=\"noopener\"><span style=\"color: #cdaa58;\">Anakena Chile<\/span><\/a>para usted. Estamos especialmente orgullosos de que todos nuestros productos est\u00e9n certificados por la <strong>FDA<\/strong> (Administraci\u00f3n de Alimentos y Medicamentos de EE.UU.). Aunque esper\u00e1bamos m\u00e1s visitantes en nuestro stand, estamos deseando ver los resultados de nuestros nuevos contactos en las pr\u00f3ximas semanas.\u00a0<\/p>\n<p>La feria se organiz\u00f3 de forma profesional y el ambiente en el recinto ferial era muy agradable. <a href=\"https:\/\/cosmoprofnorthamerica.german-pavilion.com\/en\/sites\/exhibitors\/113004\" target=\"_blank\" rel=\"noopener\"><span style=\"color: #cdaa58;\"><strong>Pabell\u00f3n alem\u00e1n<\/strong><\/span><\/a>coordinada por Messe D\u00fcsseldorf, fue excepcional. Esta plataforma internacional nos brind\u00f3 la oportunidad de presentar nuestra empresa y establecer valiosos contactos.<\/p>\n<p><strong>Miami Playa<\/strong>la impresionante pen\u00ednsula, con su singular arquitectura art d\u00e9co y su vegetaci\u00f3n tropical, tambi\u00e9n nos inspir\u00f3. La energ\u00eda din\u00e1mica y multicultural de la ciudad y la gran presencia de la comunidad latinoamericana caracterizaron el paisaje urbano y facilitaron la creaci\u00f3n de redes.<\/p>\n<p>Ahora nos toca procesar las impresiones y contactos que hemos recogido y dar el siguiente paso hacia la expansi\u00f3n. Esperamos poder ofrecerle pronto noticias interesantes sobre nuestros productos y proyectos. Siga con nosotros en <a href=\"https:\/\/anakena.de\/de_de_formal\/entdecken\/anakena-community\/\" target=\"_blank\" rel=\"noopener\"><span style=\"color: #cdaa58;\">nuestras redes sociales<\/span><\/a> y suscr\u00edbase a nuestro <a href=\"https:\/\/anakena.de\/de_de_formal\/newsletter\/\" target=\"_blank\" rel=\"noopener\"><span style=\"color: #cdaa58;\">Bolet\u00edn de noticias<\/span><\/a>para estar al d\u00eda.<\/p>\n<p>\u00a0<\/p>\n<div id='gallery-1' class='gallery galleryid-23958 gallery-columns-4 gallery-size-medium'><figure class='gallery-item'>\n\t\t\t<div class='gallery-icon landscape'>\n\t\t\t\t<a href=\"https:\/\/anakena.de\/es\/unsere-erfahrung-auf-der-cosmoprof-miami-2025\/2-11\/\"><img fetchpriority=\"high\" decoding=\"async\" width=\"300\" height=\"300\" src=\"https:\/\/anakena.de\/wp-content\/uploads\/2025\/02\/2-300x300.png\" class=\"attachment-medium size-medium\" alt=\"Anakena - Cosm\u00e9tica natural en Cosmoprof Miami 2025\" srcset=\"https:\/\/anakena.de\/wp-content\/uploads\/2025\/02\/2-300x300.png 300w, https:\/\/anakena.de\/wp-content\/uploads\/2025\/02\/2-1024x1024.png 1024w, https:\/\/anakena.de\/wp-content\/uploads\/2025\/02\/2-150x150.png 150w, https:\/\/anakena.de\/wp-content\/uploads\/2025\/02\/2-768x768.png 768w, https:\/\/anakena.de\/wp-content\/uploads\/2025\/02\/2-12x12.png 12w, https:\/\/anakena.de\/wp-content\/uploads\/2025\/02\/2-600x600.png 600w, https:\/\/anakena.de\/wp-content\/uploads\/2025\/02\/2-800x800.png 800w, https:\/\/anakena.de\/wp-content\/uploads\/2025\/02\/2-400x400.png 400w, https:\/\/anakena.de\/wp-content\/uploads\/2025\/02\/2-100x100.png 100w, https:\/\/anakena.de\/wp-content\/uploads\/2025\/02\/2.png 1080w\" sizes=\"(max-width: 300px) 100vw, 300px\" title=\"\"><\/a>\n\t\t\t<\/div><\/figure><figure class='gallery-item'>\n\t\t\t<div class='gallery-icon landscape'>\n\t\t\t\t<a href=\"https:\/\/anakena.de\/es\/unsere-erfahrung-auf-der-cosmoprof-miami-2025\/12-6\/\"><img decoding=\"async\" width=\"300\" height=\"300\" src=\"https:\/\/anakena.de\/wp-content\/uploads\/2025\/02\/12-300x300.png\" class=\"attachment-medium size-medium\" alt=\"Anakena - Cosm\u00e9tica Natural en Cosmoprof Miami 2025 Presentando nuestras l\u00edneas de lujo para el cuidado de la piel de Alemania y Chile\" srcset=\"https:\/\/anakena.de\/wp-content\/uploads\/2025\/02\/12-300x300.png 300w, https:\/\/anakena.de\/wp-content\/uploads\/2025\/02\/12-1024x1024.png 1024w, https:\/\/anakena.de\/wp-content\/uploads\/2025\/02\/12-150x150.png 150w, https:\/\/anakena.de\/wp-content\/uploads\/2025\/02\/12-768x768.png 768w, https:\/\/anakena.de\/wp-content\/uploads\/2025\/02\/12-12x12.png 12w, https:\/\/anakena.de\/wp-content\/uploads\/2025\/02\/12-600x600.png 600w, https:\/\/anakena.de\/wp-content\/uploads\/2025\/02\/12-800x800.png 800w, https:\/\/anakena.de\/wp-content\/uploads\/2025\/02\/12-400x400.png 400w, https:\/\/anakena.de\/wp-content\/uploads\/2025\/02\/12-100x100.png 100w, https:\/\/anakena.de\/wp-content\/uploads\/2025\/02\/12.png 1080w\" sizes=\"(max-width: 300px) 100vw, 300px\" title=\"\"><\/a>\n\t\t\t<\/div><\/figure><figure class='gallery-item'>\n\t\t\t<div class='gallery-icon landscape'>\n\t\t\t\t<a href=\"https:\/\/anakena.de\/es\/unsere-erfahrung-auf-der-cosmoprof-miami-2025\/attachment\/16\/\"><img decoding=\"async\" width=\"300\" height=\"300\" src=\"https:\/\/anakena.de\/wp-content\/uploads\/2025\/02\/16-300x300.png\" class=\"attachment-medium size-medium\" alt=\"\" srcset=\"https:\/\/anakena.de\/wp-content\/uploads\/2025\/02\/16-300x300.png 300w, https:\/\/anakena.de\/wp-content\/uploads\/2025\/02\/16-1024x1024.png 1024w, https:\/\/anakena.de\/wp-content\/uploads\/2025\/02\/16-150x150.png 150w, https:\/\/anakena.de\/wp-content\/uploads\/2025\/02\/16-768x768.png 768w, https:\/\/anakena.de\/wp-content\/uploads\/2025\/02\/16-12x12.png 12w, https:\/\/anakena.de\/wp-content\/uploads\/2025\/02\/16-600x600.png 600w, https:\/\/anakena.de\/wp-content\/uploads\/2025\/02\/16-800x800.png 800w, https:\/\/anakena.de\/wp-content\/uploads\/2025\/02\/16-400x400.png 400w, https:\/\/anakena.de\/wp-content\/uploads\/2025\/02\/16-100x100.png 100w, https:\/\/anakena.de\/wp-content\/uploads\/2025\/02\/16.png 1080w\" sizes=\"(max-width: 300px) 100vw, 300px\" title=\"\"><\/a>\n\t\t\t<\/div><\/figure><figure class='gallery-item'>\n\t\t\t<div class='gallery-icon landscape'>\n\t\t\t\t<a href=\"https:\/\/anakena.de\/es\/unsere-erfahrung-auf-der-cosmoprof-miami-2025\/10-5\/\"><img loading=\"lazy\" decoding=\"async\" width=\"300\" height=\"300\" src=\"https:\/\/anakena.de\/wp-content\/uploads\/2025\/02\/10-300x300.png\" class=\"attachment-medium size-medium\" alt=\"Anakena - Cosm\u00e9tica natural en Cosmoprof Miami 2025\" srcset=\"https:\/\/anakena.de\/wp-content\/uploads\/2025\/02\/10-300x300.png 300w, https:\/\/anakena.de\/wp-content\/uploads\/2025\/02\/10-1024x1024.png 1024w, https:\/\/anakena.de\/wp-content\/uploads\/2025\/02\/10-150x150.png 150w, https:\/\/anakena.de\/wp-content\/uploads\/2025\/02\/10-768x768.png 768w, https:\/\/anakena.de\/wp-content\/uploads\/2025\/02\/10-12x12.png 12w, https:\/\/anakena.de\/wp-content\/uploads\/2025\/02\/10-600x600.png 600w, https:\/\/anakena.de\/wp-content\/uploads\/2025\/02\/10-800x800.png 800w, https:\/\/anakena.de\/wp-content\/uploads\/2025\/02\/10-400x400.png 400w, https:\/\/anakena.de\/wp-content\/uploads\/2025\/02\/10-100x100.png 100w, https:\/\/anakena.de\/wp-content\/uploads\/2025\/02\/10.png 1080w\" sizes=\"(max-width: 300px) 100vw, 300px\" title=\"\"><\/a>\n\t\t\t<\/div><\/figure><figure class='gallery-item'>\n\t\t\t<div class='gallery-icon landscape'>\n\t\t\t\t<a href=\"https:\/\/anakena.de\/es\/unsere-erfahrung-auf-der-cosmoprof-miami-2025\/attachment\/15\/\"><img loading=\"lazy\" decoding=\"async\" width=\"300\" height=\"300\" src=\"https:\/\/anakena.de\/wp-content\/uploads\/2025\/02\/15-300x300.png\" class=\"attachment-medium size-medium\" alt=\"Anakena - Natural Cosmetics at Cosmoprof Miami 2025 Showcasing our luxury skincare lines from Germany and Chile - zona de prensa cosmoprof North America Miami\" srcset=\"https:\/\/anakena.de\/wp-content\/uploads\/2025\/02\/15-300x300.png 300w, https:\/\/anakena.de\/wp-content\/uploads\/2025\/02\/15-1024x1024.png 1024w, https:\/\/anakena.de\/wp-content\/uploads\/2025\/02\/15-150x150.png 150w, https:\/\/anakena.de\/wp-content\/uploads\/2025\/02\/15-768x768.png 768w, https:\/\/anakena.de\/wp-content\/uploads\/2025\/02\/15-12x12.png 12w, https:\/\/anakena.de\/wp-content\/uploads\/2025\/02\/15-600x600.png 600w, https:\/\/anakena.de\/wp-content\/uploads\/2025\/02\/15-800x800.png 800w, https:\/\/anakena.de\/wp-content\/uploads\/2025\/02\/15-400x400.png 400w, https:\/\/anakena.de\/wp-content\/uploads\/2025\/02\/15-100x100.png 100w, https:\/\/anakena.de\/wp-content\/uploads\/2025\/02\/15.png 1080w\" sizes=\"(max-width: 300px) 100vw, 300px\" title=\"\"><\/a>\n\t\t\t<\/div><\/figure><figure class='gallery-item'>\n\t\t\t<div class='gallery-icon landscape'>\n\t\t\t\t<a href=\"https:\/\/anakena.de\/es\/unsere-erfahrung-auf-der-cosmoprof-miami-2025\/7-8\/\"><img loading=\"lazy\" decoding=\"async\" width=\"300\" height=\"300\" src=\"https:\/\/anakena.de\/wp-content\/uploads\/2025\/02\/7-300x300.png\" class=\"attachment-medium size-medium\" alt=\"Arquitectura Art D\u00e9co Miami Beach\" srcset=\"https:\/\/anakena.de\/wp-content\/uploads\/2025\/02\/7-300x300.png 300w, https:\/\/anakena.de\/wp-content\/uploads\/2025\/02\/7-1024x1024.png 1024w, https:\/\/anakena.de\/wp-content\/uploads\/2025\/02\/7-150x150.png 150w, https:\/\/anakena.de\/wp-content\/uploads\/2025\/02\/7-768x768.png 768w, https:\/\/anakena.de\/wp-content\/uploads\/2025\/02\/7-12x12.png 12w, https:\/\/anakena.de\/wp-content\/uploads\/2025\/02\/7-600x600.png 600w, https:\/\/anakena.de\/wp-content\/uploads\/2025\/02\/7-800x800.png 800w, https:\/\/anakena.de\/wp-content\/uploads\/2025\/02\/7-400x400.png 400w, https:\/\/anakena.de\/wp-content\/uploads\/2025\/02\/7-100x100.png 100w, https:\/\/anakena.de\/wp-content\/uploads\/2025\/02\/7.png 1080w\" sizes=\"(max-width: 300px) 100vw, 300px\" title=\"\"><\/a>\n\t\t\t<\/div><\/figure><figure class='gallery-item'>\n\t\t\t<div class='gallery-icon landscape'>\n\t\t\t\t<a href=\"https:\/\/anakena.de\/es\/unsere-erfahrung-auf-der-cosmoprof-miami-2025\/14-4\/\"><img loading=\"lazy\" decoding=\"async\" width=\"300\" height=\"300\" src=\"https:\/\/anakena.de\/wp-content\/uploads\/2025\/02\/14-300x300.png\" class=\"attachment-medium size-medium\" alt=\"Anakena - Cosm\u00e9tica natural en Cosmoprof Miami 2025\" srcset=\"https:\/\/anakena.de\/wp-content\/uploads\/2025\/02\/14-300x300.png 300w, https:\/\/anakena.de\/wp-content\/uploads\/2025\/02\/14-1024x1024.png 1024w, https:\/\/anakena.de\/wp-content\/uploads\/2025\/02\/14-150x150.png 150w, https:\/\/anakena.de\/wp-content\/uploads\/2025\/02\/14-768x768.png 768w, https:\/\/anakena.de\/wp-content\/uploads\/2025\/02\/14-12x12.png 12w, https:\/\/anakena.de\/wp-content\/uploads\/2025\/02\/14-600x600.png 600w, https:\/\/anakena.de\/wp-content\/uploads\/2025\/02\/14-800x800.png 800w, https:\/\/anakena.de\/wp-content\/uploads\/2025\/02\/14-400x400.png 400w, https:\/\/anakena.de\/wp-content\/uploads\/2025\/02\/14-100x100.png 100w, https:\/\/anakena.de\/wp-content\/uploads\/2025\/02\/14.png 1080w\" sizes=\"(max-width: 300px) 100vw, 300px\" title=\"\"><\/a>\n\t\t\t<\/div><\/figure><figure class='gallery-item'>\n\t\t\t<div class='gallery-icon landscape'>\n\t\t\t\t<a href=\"https:\/\/anakena.de\/es\/unsere-erfahrung-auf-der-cosmoprof-miami-2025\/8-6\/\"><img loading=\"lazy\" decoding=\"async\" width=\"300\" height=\"300\" src=\"https:\/\/anakena.de\/wp-content\/uploads\/2025\/02\/8-300x300.png\" class=\"attachment-medium size-medium\" alt=\"Arquitectura Art D\u00e9co Miami Beach\" srcset=\"https:\/\/anakena.de\/wp-content\/uploads\/2025\/02\/8-300x300.png 300w, https:\/\/anakena.de\/wp-content\/uploads\/2025\/02\/8-1024x1024.png 1024w, https:\/\/anakena.de\/wp-content\/uploads\/2025\/02\/8-150x150.png 150w, https:\/\/anakena.de\/wp-content\/uploads\/2025\/02\/8-768x768.png 768w, https:\/\/anakena.de\/wp-content\/uploads\/2025\/02\/8-12x12.png 12w, https:\/\/anakena.de\/wp-content\/uploads\/2025\/02\/8-600x600.png 600w, https:\/\/anakena.de\/wp-content\/uploads\/2025\/02\/8-800x800.png 800w, https:\/\/anakena.de\/wp-content\/uploads\/2025\/02\/8-400x400.png 400w, https:\/\/anakena.de\/wp-content\/uploads\/2025\/02\/8-100x100.png 100w, https:\/\/anakena.de\/wp-content\/uploads\/2025\/02\/8.png 1080w\" sizes=\"(max-width: 300px) 100vw, 300px\" title=\"\"><\/a>\n\t\t\t<\/div><\/figure><figure class='gallery-item'>\n\t\t\t<div class='gallery-icon landscape'>\n\t\t\t\t<a href=\"https:\/\/anakena.de\/es\/unsere-erfahrung-auf-der-cosmoprof-miami-2025\/4-8\/\"><img loading=\"lazy\" decoding=\"async\" width=\"300\" height=\"300\" src=\"https:\/\/anakena.de\/wp-content\/uploads\/2025\/02\/4-300x300.png\" class=\"attachment-medium size-medium\" alt=\"Anakena - Cosm\u00e9tica natural en Cosmoprof Miami 2025\" srcset=\"https:\/\/anakena.de\/wp-content\/uploads\/2025\/02\/4-300x300.png 300w, https:\/\/anakena.de\/wp-content\/uploads\/2025\/02\/4-1024x1024.png 1024w, https:\/\/anakena.de\/wp-content\/uploads\/2025\/02\/4-150x150.png 150w, https:\/\/anakena.de\/wp-content\/uploads\/2025\/02\/4-768x768.png 768w, https:\/\/anakena.de\/wp-content\/uploads\/2025\/02\/4-12x12.png 12w, https:\/\/anakena.de\/wp-content\/uploads\/2025\/02\/4-600x600.png 600w, https:\/\/anakena.de\/wp-content\/uploads\/2025\/02\/4-800x800.png 800w, https:\/\/anakena.de\/wp-content\/uploads\/2025\/02\/4-400x400.png 400w, https:\/\/anakena.de\/wp-content\/uploads\/2025\/02\/4-100x100.png 100w, https:\/\/anakena.de\/wp-content\/uploads\/2025\/02\/4.png 1080w\" sizes=\"(max-width: 300px) 100vw, 300px\" title=\"\"><\/a>\n\t\t\t<\/div><\/figure><figure class='gallery-item'>\n\t\t\t<div class='gallery-icon landscape'>\n\t\t\t\t<a href=\"https:\/\/anakena.de\/es\/unsere-erfahrung-auf-der-cosmoprof-miami-2025\/5-7\/\"><img loading=\"lazy\" decoding=\"async\" width=\"300\" height=\"300\" src=\"https:\/\/anakena.de\/wp-content\/uploads\/2025\/02\/5-300x300.png\" class=\"attachment-medium size-medium\" alt=\"\" srcset=\"https:\/\/anakena.de\/wp-content\/uploads\/2025\/02\/5-300x300.png 300w, https:\/\/anakena.de\/wp-content\/uploads\/2025\/02\/5-1024x1024.png 1024w, https:\/\/anakena.de\/wp-content\/uploads\/2025\/02\/5-150x150.png 150w, https:\/\/anakena.de\/wp-content\/uploads\/2025\/02\/5-768x768.png 768w, https:\/\/anakena.de\/wp-content\/uploads\/2025\/02\/5-12x12.png 12w, https:\/\/anakena.de\/wp-content\/uploads\/2025\/02\/5-600x600.png 600w, https:\/\/anakena.de\/wp-content\/uploads\/2025\/02\/5-800x800.png 800w, https:\/\/anakena.de\/wp-content\/uploads\/2025\/02\/5-400x400.png 400w, https:\/\/anakena.de\/wp-content\/uploads\/2025\/02\/5-100x100.png 100w, https:\/\/anakena.de\/wp-content\/uploads\/2025\/02\/5.png 1080w\" sizes=\"(max-width: 300px) 100vw, 300px\" title=\"\"><\/a>\n\t\t\t<\/div><\/figure><figure class='gallery-item'>\n\t\t\t<div class='gallery-icon landscape'>\n\t\t\t\t<a href=\"https:\/\/anakena.de\/es\/unsere-erfahrung-auf-der-cosmoprof-miami-2025\/3-11\/\"><img loading=\"lazy\" decoding=\"async\" width=\"300\" height=\"300\" src=\"https:\/\/anakena.de\/wp-content\/uploads\/2025\/02\/3-300x300.png\" class=\"attachment-medium size-medium\" alt=\"Anakena - Cosm\u00e9tica natural en Cosmoprof Miami 2025\" srcset=\"https:\/\/anakena.de\/wp-content\/uploads\/2025\/02\/3-300x300.png 300w, https:\/\/anakena.de\/wp-content\/uploads\/2025\/02\/3-1024x1024.png 1024w, https:\/\/anakena.de\/wp-content\/uploads\/2025\/02\/3-150x150.png 150w, https:\/\/anakena.de\/wp-content\/uploads\/2025\/02\/3-768x768.png 768w, https:\/\/anakena.de\/wp-content\/uploads\/2025\/02\/3-12x12.png 12w, https:\/\/anakena.de\/wp-content\/uploads\/2025\/02\/3-600x600.png 600w, https:\/\/anakena.de\/wp-content\/uploads\/2025\/02\/3-800x800.png 800w, https:\/\/anakena.de\/wp-content\/uploads\/2025\/02\/3-400x400.png 400w, https:\/\/anakena.de\/wp-content\/uploads\/2025\/02\/3-100x100.png 100w, https:\/\/anakena.de\/wp-content\/uploads\/2025\/02\/3.png 1080w\" sizes=\"(max-width: 300px) 100vw, 300px\" title=\"\"><\/a>\n\t\t\t<\/div><\/figure><figure class='gallery-item'>\n\t\t\t<div class='gallery-icon landscape'>\n\t\t\t\t<a href=\"https:\/\/anakena.de\/es\/unsere-erfahrung-auf-der-cosmoprof-miami-2025\/6-6\/\"><img loading=\"lazy\" decoding=\"async\" width=\"300\" height=\"300\" src=\"https:\/\/anakena.de\/wp-content\/uploads\/2025\/01\/6-300x300.png\" class=\"attachment-medium size-medium\" alt=\"\" srcset=\"https:\/\/anakena.de\/wp-content\/uploads\/2025\/01\/6-300x300.png 300w, https:\/\/anakena.de\/wp-content\/uploads\/2025\/01\/6-1024x1024.png 1024w, https:\/\/anakena.de\/wp-content\/uploads\/2025\/01\/6-150x150.png 150w, https:\/\/anakena.de\/wp-content\/uploads\/2025\/01\/6-768x768.png 768w, https:\/\/anakena.de\/wp-content\/uploads\/2025\/01\/6-1536x1536.png 1536w, https:\/\/anakena.de\/wp-content\/uploads\/2025\/01\/6-12x12.png 12w, https:\/\/anakena.de\/wp-content\/uploads\/2025\/01\/6-600x600.png 600w, https:\/\/anakena.de\/wp-content\/uploads\/2025\/01\/6-800x800.png 800w, https:\/\/anakena.de\/wp-content\/uploads\/2025\/01\/6-400x400.png 400w, https:\/\/anakena.de\/wp-content\/uploads\/2025\/01\/6-100x100.png 100w, https:\/\/anakena.de\/wp-content\/uploads\/2025\/01\/6.png 1890w\" sizes=\"(max-width: 300px) 100vw, 300px\" title=\"\"><\/a>\n\t\t\t<\/div><\/figure>\n\t\t<\/div>","protected":false},"excerpt":{"rendered":"<p>Letzte Woche war ein bedeutender Meilenstein f\u00fcr unsere Indie Brand Anakena \u2013 Natural Cosmetics: Zum ersten Mal waren wir als Aussteller auf der Cosmoprof North America Miami vertreten, einer der f\u00fchrenden internationalen B2B-Fachmessen f\u00fcr die Beauty-Branche. Vom 21. bis 23. Januar 2025 kamen Marken, H\u00e4ndler, K\u00e4ufer und Experten aus der ganzen Welt zusammen, um die [&hellip;]<\/p>\n","protected":false},"author":8,"featured_media":23967,"comment_status":"closed","ping_status":"closed","sticky":false,"template":"","format":"standard","meta":{"content-type":"","inline_featured_image":false,"ocean_post_layout":"","ocean_both_sidebars_style":"","ocean_both_sidebars_content_width":0,"ocean_both_sidebars_sidebars_width":0,"ocean_sidebar":"","ocean_second_sidebar":"","ocean_disable_margins":"enable","ocean_add_body_class":"","ocean_shortcode_before_top_bar":"","ocean_shortcode_after_top_bar":"","ocean_shortcode_before_header":"","ocean_shortcode_after_header":"","ocean_has_shortcode":"","ocean_shortcode_after_title":"","ocean_shortcode_before_footer_widgets":"","ocean_shortcode_after_footer_widgets":"","ocean_shortcode_before_footer_bottom":"","ocean_shortcode_after_footer_bottom":"","ocean_display_top_bar":"default","ocean_display_header":"default","ocean_header_style":"","ocean_center_header_left_menu":"","ocean_custom_header_template":"","ocean_custom_logo":0,"ocean_custom_retina_logo":0,"ocean_custom_logo_max_width":0,"ocean_custom_logo_tablet_max_width":0,"ocean_custom_logo_mobile_max_width":0,"ocean_custom_logo_max_height":0,"ocean_custom_logo_tablet_max_height":0,"ocean_custom_logo_mobile_max_height":0,"ocean_header_custom_menu":"","ocean_menu_typo_font_family":"","ocean_menu_typo_font_subset":"","ocean_menu_typo_font_size":0,"ocean_menu_typo_font_size_tablet":0,"ocean_menu_typo_font_size_mobile":0,"ocean_menu_typo_font_size_unit":"px","ocean_menu_typo_font_weight":"","ocean_menu_typo_font_weight_tablet":"","ocean_menu_typo_font_weight_mobile":"","ocean_menu_typo_transform":"","ocean_menu_typo_transform_tablet":"","ocean_menu_typo_transform_mobile":"","ocean_menu_typo_line_height":0,"ocean_menu_typo_line_height_tablet":0,"ocean_menu_typo_line_height_mobile":0,"ocean_menu_typo_line_height_unit":"","ocean_menu_typo_spacing":0,"ocean_menu_typo_spacing_tablet":0,"ocean_menu_typo_spacing_mobile":0,"ocean_menu_typo_spacing_unit":"","ocean_menu_link_color":"","ocean_menu_link_color_hover":"","ocean_menu_link_color_active":"","ocean_menu_link_background":"","ocean_menu_link_hover_background":"","ocean_menu_link_active_background":"","ocean_menu_social_links_bg":"","ocean_menu_social_hover_links_bg":"","ocean_menu_social_links_color":"","ocean_menu_social_hover_links_color":"","ocean_disable_title":"default","ocean_disable_heading":"default","ocean_post_title":"","ocean_post_subheading":"","ocean_post_title_style":"","ocean_post_title_background_color":"","ocean_post_title_background":0,"ocean_post_title_bg_image_position":"","ocean_post_title_bg_image_attachment":"","ocean_post_title_bg_image_repeat":"","ocean_post_title_bg_image_size":"","ocean_post_title_height":0,"ocean_post_title_bg_overlay":0.5,"ocean_post_title_bg_overlay_color":"","ocean_disable_breadcrumbs":"default","ocean_breadcrumbs_color":"","ocean_breadcrumbs_separator_color":"","ocean_breadcrumbs_links_color":"","ocean_breadcrumbs_links_hover_color":"","ocean_display_footer_widgets":"default","ocean_display_footer_bottom":"default","ocean_custom_footer_template":"","ocean_post_oembed":"","ocean_post_self_hosted_media":"","ocean_post_video_embed":"","ocean_link_format":"","ocean_link_format_target":"self","ocean_quote_format":"","ocean_quote_format_link":"post","ocean_gallery_link_images":"on","ocean_gallery_id":[],"footnotes":""},"categories":[94,96],"tags":[],"class_list":["post-23958","post","type-post","status-publish","format-standard","has-post-thumbnail","hentry","category-b2b-business","category-messen","entry","has-media","owp-thumbs-layout-horizontal","owp-btn-normal","owp-tabs-layout-vertical","has-no-thumbnails","has-product-nav"],"amp_enabled":true,"_links":{"self":[{"href":"https:\/\/anakena.de\/es\/wp-json\/wp\/v2\/posts\/23958","targetHints":{"allow":["GET"]}}],"collection":[{"href":"https:\/\/anakena.de\/es\/wp-json\/wp\/v2\/posts"}],"about":[{"href":"https:\/\/anakena.de\/es\/wp-json\/wp\/v2\/types\/post"}],"author":[{"embeddable":true,"href":"https:\/\/anakena.de\/es\/wp-json\/wp\/v2\/users\/8"}],"replies":[{"embeddable":true,"href":"https:\/\/anakena.de\/es\/wp-json\/wp\/v2\/comments?post=23958"}],"version-history":[{"count":0,"href":"https:\/\/anakena.de\/es\/wp-json\/wp\/v2\/posts\/23958\/revisions"}],"wp:featuredmedia":[{"embeddable":true,"href":"https:\/\/anakena.de\/es\/wp-json\/wp\/v2\/media\/23967"}],"wp:attachment":[{"href":"https:\/\/anakena.de\/es\/wp-json\/wp\/v2\/media?parent=23958"}],"wp:term":[{"taxonomy":"category","embeddable":true,"href":"https:\/\/anakena.de\/es\/wp-json\/wp\/v2\/categories?post=23958"},{"taxonomy":"post_tag","embeddable":true,"href":"https:\/\/anakena.de\/es\/wp-json\/wp\/v2\/tags?post=23958"}],"curies":[{"name":"wp","href":"https:\/\/api.w.org\/{rel}","templated":true}]}}