{"id":12896,"date":"2020-06-27T00:52:26","date_gmt":"2020-06-26T23:52:26","guid":{"rendered":"https:\/\/anakena.de\/?p=12896"},"modified":"2020-06-27T00:56:33","modified_gmt":"2020-06-26T23:56:33","slug":"anakena-pendant-le-lockdown-sur-lile-de-paques","status":"publish","type":"post","link":"https:\/\/anakena.de\/fr\/anakena-waehrend-des-lockdowns-auf-der-osterinsel\/","title":{"rendered":"Anakena pendant le verrouillage de l'\u00cele de P\u00e2ques."},"content":{"rendered":"<p>Nous sommes heureux de partager avec vous ces magnifiques photos de la plage d'Anakena, que nous avons re\u00e7ues d'Anja sur l'\u00cele de P\u00e2ques.<\/p>\n<p>Depuis le mois de mars, il n'y a plus de trafic a\u00e9rien r\u00e9gulier en raison de la pand\u00e9mie et l'\u00eele est ferm\u00e9e au tourisme jusqu'\u00e0 nouvel ordre, afin que les habitants de Rapa Nui puissent profiter des magnifiques paysages entour\u00e9s d'une tranquillit\u00e9 particuli\u00e8re.<\/p>\n<p>M\u00eame \u00e0 travers les photos d'Anja, il est presque possible de ressentir le \"mana\" - la force particuli\u00e8re - qui entoure ce lieu magique.<\/p>\n<p>Anja Verena Kaier<\/p>\n<p><img fetchpriority=\"high\" decoding=\"async\" class=\"wp-image-12897 aligncenter\" src=\"https:\/\/anakena.de\/wp-content\/uploads\/2020\/06\/62955B58-CA40-410A-86A4-CF3D9058FD29-300x300.jpg\" alt=\"Ahu Nau Nau_Anja\" width=\"353\" height=\"353\" title=\"\" srcset=\"https:\/\/anakena.de\/wp-content\/uploads\/2020\/06\/62955B58-CA40-410A-86A4-CF3D9058FD29-300x300.jpg 300w, https:\/\/anakena.de\/wp-content\/uploads\/2020\/06\/62955B58-CA40-410A-86A4-CF3D9058FD29-800x800.jpg 800w, https:\/\/anakena.de\/wp-content\/uploads\/2020\/06\/62955B58-CA40-410A-86A4-CF3D9058FD29-100x100.jpg 100w, https:\/\/anakena.de\/wp-content\/uploads\/2020\/06\/62955B58-CA40-410A-86A4-CF3D9058FD29-400x400.jpg 400w, https:\/\/anakena.de\/wp-content\/uploads\/2020\/06\/62955B58-CA40-410A-86A4-CF3D9058FD29-1024x1024.jpg 1024w, https:\/\/anakena.de\/wp-content\/uploads\/2020\/06\/62955B58-CA40-410A-86A4-CF3D9058FD29-150x150.jpg 150w, https:\/\/anakena.de\/wp-content\/uploads\/2020\/06\/62955B58-CA40-410A-86A4-CF3D9058FD29-768x768.jpg 768w, https:\/\/anakena.de\/wp-content\/uploads\/2020\/06\/62955B58-CA40-410A-86A4-CF3D9058FD29.jpg 1280w\" sizes=\"(max-width: 353px) 100vw, 353px\" \/><\/p>","protected":false},"excerpt":{"rendered":"<p>Wir freuen uns, diese sch\u00f6nen Bilder des Anakena -Strandes mit Ihnen teilen zu d\u00fcrfen, die wir von Anja von der Osterinsel erhalten haben. Seit M\u00e4rz findet wegen der Pandemie kein regul\u00e4rer Flugverkehr mehr statt, und die Insel ist bis auf weiteres f\u00fcr den Tourismus geschlossen, so k\u00f6nnen die Menschen, die in Rapa Nui leben, die [&hellip;]<\/p>\n","protected":false},"author":8,"featured_media":12898,"comment_status":"open","ping_status":"open","sticky":false,"template":"","format":"standard","meta":{"content-type":"","inline_featured_image":false,"ocean_post_layout":"","ocean_both_sidebars_style":"","ocean_both_sidebars_content_width":0,"ocean_both_sidebars_sidebars_width":0,"ocean_sidebar":"0","ocean_second_sidebar":"0","ocean_disable_margins":"enable","ocean_add_body_class":"","ocean_shortcode_before_top_bar":"","ocean_shortcode_after_top_bar":"","ocean_shortcode_before_header":"","ocean_shortcode_after_header":"","ocean_has_shortcode":"","ocean_shortcode_after_title":"","ocean_shortcode_before_footer_widgets":"","ocean_shortcode_after_footer_widgets":"","ocean_shortcode_before_footer_bottom":"","ocean_shortcode_after_footer_bottom":"","ocean_display_top_bar":"default","ocean_display_header":"default","ocean_header_style":"","ocean_center_header_left_menu":"0","ocean_custom_header_template":"0","ocean_custom_logo":0,"ocean_custom_retina_logo":0,"ocean_custom_logo_max_width":0,"ocean_custom_logo_tablet_max_width":0,"ocean_custom_logo_mobile_max_width":0,"ocean_custom_logo_max_height":0,"ocean_custom_logo_tablet_max_height":0,"ocean_custom_logo_mobile_max_height":0,"ocean_header_custom_menu":"0","ocean_menu_typo_font_family":"0","ocean_menu_typo_font_subset":"","ocean_menu_typo_font_size":0,"ocean_menu_typo_font_size_tablet":0,"ocean_menu_typo_font_size_mobile":0,"ocean_menu_typo_font_size_unit":"px","ocean_menu_typo_font_weight":"","ocean_menu_typo_font_weight_tablet":"","ocean_menu_typo_font_weight_mobile":"","ocean_menu_typo_transform":"","ocean_menu_typo_transform_tablet":"","ocean_menu_typo_transform_mobile":"","ocean_menu_typo_line_height":0,"ocean_menu_typo_line_height_tablet":0,"ocean_menu_typo_line_height_mobile":0,"ocean_menu_typo_line_height_unit":"","ocean_menu_typo_spacing":0,"ocean_menu_typo_spacing_tablet":0,"ocean_menu_typo_spacing_mobile":0,"ocean_menu_typo_spacing_unit":"","ocean_menu_link_color":"","ocean_menu_link_color_hover":"","ocean_menu_link_color_active":"","ocean_menu_link_background":"","ocean_menu_link_hover_background":"","ocean_menu_link_active_background":"","ocean_menu_social_links_bg":"","ocean_menu_social_hover_links_bg":"","ocean_menu_social_links_color":"","ocean_menu_social_hover_links_color":"","ocean_disable_title":"default","ocean_disable_heading":"default","ocean_post_title":"","ocean_post_subheading":"","ocean_post_title_style":"","ocean_post_title_background_color":"","ocean_post_title_background":0,"ocean_post_title_bg_image_position":"","ocean_post_title_bg_image_attachment":"","ocean_post_title_bg_image_repeat":"","ocean_post_title_bg_image_size":"","ocean_post_title_height":0,"ocean_post_title_bg_overlay":0.5,"ocean_post_title_bg_overlay_color":"","ocean_disable_breadcrumbs":"default","ocean_breadcrumbs_color":"","ocean_breadcrumbs_separator_color":"","ocean_breadcrumbs_links_color":"","ocean_breadcrumbs_links_hover_color":"","ocean_display_footer_widgets":"default","ocean_display_footer_bottom":"default","ocean_custom_footer_template":"0","ocean_post_oembed":"","ocean_post_self_hosted_media":"","ocean_post_video_embed":"","ocean_link_format":"","ocean_link_format_target":"self","ocean_quote_format":"","ocean_quote_format_link":"post","ocean_gallery_link_images":"off","ocean_gallery_id":[],"footnotes":""},"categories":[92,93],"tags":[],"class_list":["post-12896","post","type-post","status-publish","format-standard","has-post-thumbnail","hentry","category-about","category-unsere-location","entry","has-media","owp-thumbs-layout-horizontal","owp-btn-normal","owp-tabs-layout-vertical","has-no-thumbnails","has-product-nav"],"amp_enabled":true,"_links":{"self":[{"href":"https:\/\/anakena.de\/fr\/wp-json\/wp\/v2\/posts\/12896","targetHints":{"allow":["GET"]}}],"collection":[{"href":"https:\/\/anakena.de\/fr\/wp-json\/wp\/v2\/posts"}],"about":[{"href":"https:\/\/anakena.de\/fr\/wp-json\/wp\/v2\/types\/post"}],"author":[{"embeddable":true,"href":"https:\/\/anakena.de\/fr\/wp-json\/wp\/v2\/users\/8"}],"replies":[{"embeddable":true,"href":"https:\/\/anakena.de\/fr\/wp-json\/wp\/v2\/comments?post=12896"}],"version-history":[{"count":0,"href":"https:\/\/anakena.de\/fr\/wp-json\/wp\/v2\/posts\/12896\/revisions"}],"wp:featuredmedia":[{"embeddable":true,"href":"https:\/\/anakena.de\/fr\/wp-json\/wp\/v2\/media\/12898"}],"wp:attachment":[{"href":"https:\/\/anakena.de\/fr\/wp-json\/wp\/v2\/media?parent=12896"}],"wp:term":[{"taxonomy":"category","embeddable":true,"href":"https:\/\/anakena.de\/fr\/wp-json\/wp\/v2\/categories?post=12896"},{"taxonomy":"post_tag","embeddable":true,"href":"https:\/\/anakena.de\/fr\/wp-json\/wp\/v2\/tags?post=12896"}],"curies":[{"name":"wp","href":"https:\/\/api.w.org\/{rel}","templated":true}]}}