{"id":16832,"date":"2022-01-07T07:52:09","date_gmt":"2022-01-07T06:52:09","guid":{"rendered":"https:\/\/anakena.de\/?p=16832"},"modified":"2024-12-30T00:57:09","modified_gmt":"2024-12-29T23:57:09","slug":"shooting-photo-a-anakena","status":"publish","type":"post","link":"https:\/\/anakena.de\/fr\/fotoshooting-in-anakena\/","title":{"rendered":"S\u00e9ance photo avec Ariana Icka \u00e0 Anakena"},"content":{"rendered":"<p class=\"MsoNormal\">Hier, nous avons eu une magnifique s\u00e9ance photo avec notre ravissante <a href=\"https:\/\/anakena.de\/de_de_formal\/entdecken\/ueber-uns\/\" target=\"_blank\" rel=\"noopener\"><span style=\"color: #cdaa58;\">Mannequin Ariana Icka Silva<\/span><\/a> et le <a href=\"https:\/\/anakena.de\/de_de_formal\/wir-stellen-vor-ricardo-cuevas\/\" target=\"_blank\" rel=\"noopener\"><span style=\"color: #cdaa58;\">Photographes Ricardo Cuevas Tepano<\/span><\/a> sur la plage d'Anakena. Le temps \u00e9tait parfait : un soleil chaud, un ciel bleu, quelques nuages et la mer d'un bleu tropical magnifique avec diff\u00e9rentes nuances.<\/p>\n<p class=\"MsoNormal\"><span style=\"font-size: revert;\">Nous avons \u00e9galement eu la chance d'\u00eatre les seules personnes pr\u00e9sentes dans la r\u00e9gion pendant notre session intensive, \u00e0 l'exception des surveillants du parc national qui y travaillent quotidiennement, car la plage d'Anakena fait partie du parc national de Rapa Nui (l'\u00eele de P\u00e2ques). Nous sommes tr\u00e8s heureux et reconnaissants d'avoir re\u00e7u l'autorisation exclusive de Mau'u Henua de prendre des photos pour notre marque Anakena - Natural Cosmetics dans le parc national, qui est unique et c\u00e9l\u00e8bre dans le monde entier pour ses moais (grandes statues de pierre).<\/span><\/p>\n<p class=\"MsoNormal\"><span style=\"font-size: revert;\">Comme nous avons des photos pour les deux lign\u00e9es Anakena - Allemagne et <a href=\"https:\/\/anakena-cosmetics.cl\/\" target=\"_blank\" rel=\"noopener\"><span style=\"color: #cdaa58;\">Chili<\/span><\/a> - qui ont des produits cosm\u00e9tiques diff\u00e9rents, c'\u00e9tait un shooting tr\u00e8s intense, mais \u00e0 la fin, nous \u00e9tions toutes heureuses. Nous nous r\u00e9jouissons de vous pr\u00e9senter bient\u00f4t les beaux r\u00e9sultats sur nos <a href=\"https:\/\/www.facebook.com\/anakena.germany\/\" target=\"_blank\" rel=\"noopener\"><span style=\"color: #cdaa58;\">les m\u00e9dias sociaux<\/span><\/a> et de notre site web.<\/span><\/p>\n<p><img fetchpriority=\"high\" decoding=\"async\" class=\"alignnone  wp-image-16833\" src=\"https:\/\/anakena.de\/wp-content\/uploads\/2022\/01\/DXMI2184-300x300.jpg\" alt=\"Ariana Icka Anakena\" width=\"543\" height=\"543\" title=\"\" srcset=\"https:\/\/anakena.de\/wp-content\/uploads\/2022\/01\/DXMI2184-300x300.jpg 300w, https:\/\/anakena.de\/wp-content\/uploads\/2022\/01\/DXMI2184-1024x1024.jpg 1024w, https:\/\/anakena.de\/wp-content\/uploads\/2022\/01\/DXMI2184-150x150.jpg 150w, https:\/\/anakena.de\/wp-content\/uploads\/2022\/01\/DXMI2184-768x768.jpg 768w, https:\/\/anakena.de\/wp-content\/uploads\/2022\/01\/DXMI2184-12x12.jpg 12w, https:\/\/anakena.de\/wp-content\/uploads\/2022\/01\/DXMI2184-400x400.jpg 400w, https:\/\/anakena.de\/wp-content\/uploads\/2022\/01\/DXMI2184-800x800.jpg 800w, https:\/\/anakena.de\/wp-content\/uploads\/2022\/01\/DXMI2184-100x100.jpg 100w, https:\/\/anakena.de\/wp-content\/uploads\/2022\/01\/DXMI2184.jpg 1440w\" sizes=\"(max-width: 543px) 100vw, 543px\" \/><\/p>\n<p><img decoding=\"async\" class=\"wp-image-16834 alignright\" src=\"https:\/\/anakena.de\/wp-content\/uploads\/2022\/01\/ORCG9859-300x300.jpg\" alt=\"Ariana Icka Anakena\" width=\"543\" height=\"543\" title=\"\" srcset=\"https:\/\/anakena.de\/wp-content\/uploads\/2022\/01\/ORCG9859-300x300.jpg 300w, https:\/\/anakena.de\/wp-content\/uploads\/2022\/01\/ORCG9859-1024x1024.jpg 1024w, https:\/\/anakena.de\/wp-content\/uploads\/2022\/01\/ORCG9859-150x150.jpg 150w, https:\/\/anakena.de\/wp-content\/uploads\/2022\/01\/ORCG9859-768x768.jpg 768w, https:\/\/anakena.de\/wp-content\/uploads\/2022\/01\/ORCG9859-12x12.jpg 12w, https:\/\/anakena.de\/wp-content\/uploads\/2022\/01\/ORCG9859-400x400.jpg 400w, https:\/\/anakena.de\/wp-content\/uploads\/2022\/01\/ORCG9859-800x800.jpg 800w, https:\/\/anakena.de\/wp-content\/uploads\/2022\/01\/ORCG9859-100x100.jpg 100w, https:\/\/anakena.de\/wp-content\/uploads\/2022\/01\/ORCG9859.jpg 1440w\" sizes=\"(max-width: 543px) 100vw, 543px\" \/><\/p>","protected":false},"excerpt":{"rendered":"<p>Gestern hatten wir ein wunderbares Fotoshooting mit unserem zauberhaften Model Ariana Icka Silva und dem Fotografen Ricardo Cuevas Tepano am Anakena Strand. Das Wetter war perfekt: warme Sonne, blauer Himmel, einige Wolken und das Meer in einem wundersch\u00f6nen tropischen Blau mit verschiedenen Schattierungen. Wir hatten auch das Gl\u00fcck, w\u00e4hrend unserer intensiven Session die einzigen Personen [&hellip;]<\/p>\n","protected":false},"author":8,"featured_media":16835,"comment_status":"closed","ping_status":"closed","sticky":false,"template":"","format":"standard","meta":{"content-type":"","inline_featured_image":false,"ocean_post_layout":"","ocean_both_sidebars_style":"","ocean_both_sidebars_content_width":0,"ocean_both_sidebars_sidebars_width":0,"ocean_sidebar":"0","ocean_second_sidebar":"0","ocean_disable_margins":"enable","ocean_add_body_class":"","ocean_shortcode_before_top_bar":"","ocean_shortcode_after_top_bar":"","ocean_shortcode_before_header":"","ocean_shortcode_after_header":"","ocean_has_shortcode":"","ocean_shortcode_after_title":"","ocean_shortcode_before_footer_widgets":"","ocean_shortcode_after_footer_widgets":"","ocean_shortcode_before_footer_bottom":"","ocean_shortcode_after_footer_bottom":"","ocean_display_top_bar":"default","ocean_display_header":"default","ocean_header_style":"","ocean_center_header_left_menu":"0","ocean_custom_header_template":"0","ocean_custom_logo":0,"ocean_custom_retina_logo":0,"ocean_custom_logo_max_width":0,"ocean_custom_logo_tablet_max_width":0,"ocean_custom_logo_mobile_max_width":0,"ocean_custom_logo_max_height":0,"ocean_custom_logo_tablet_max_height":0,"ocean_custom_logo_mobile_max_height":0,"ocean_header_custom_menu":"0","ocean_menu_typo_font_family":"0","ocean_menu_typo_font_subset":"","ocean_menu_typo_font_size":0,"ocean_menu_typo_font_size_tablet":0,"ocean_menu_typo_font_size_mobile":0,"ocean_menu_typo_font_size_unit":"px","ocean_menu_typo_font_weight":"","ocean_menu_typo_font_weight_tablet":"","ocean_menu_typo_font_weight_mobile":"","ocean_menu_typo_transform":"","ocean_menu_typo_transform_tablet":"","ocean_menu_typo_transform_mobile":"","ocean_menu_typo_line_height":0,"ocean_menu_typo_line_height_tablet":0,"ocean_menu_typo_line_height_mobile":0,"ocean_menu_typo_line_height_unit":"","ocean_menu_typo_spacing":0,"ocean_menu_typo_spacing_tablet":0,"ocean_menu_typo_spacing_mobile":0,"ocean_menu_typo_spacing_unit":"","ocean_menu_link_color":"","ocean_menu_link_color_hover":"","ocean_menu_link_color_active":"","ocean_menu_link_background":"","ocean_menu_link_hover_background":"","ocean_menu_link_active_background":"","ocean_menu_social_links_bg":"","ocean_menu_social_hover_links_bg":"","ocean_menu_social_links_color":"","ocean_menu_social_hover_links_color":"","ocean_disable_title":"default","ocean_disable_heading":"default","ocean_post_title":"","ocean_post_subheading":"","ocean_post_title_style":"","ocean_post_title_background_color":"","ocean_post_title_background":0,"ocean_post_title_bg_image_position":"","ocean_post_title_bg_image_attachment":"","ocean_post_title_bg_image_repeat":"","ocean_post_title_bg_image_size":"","ocean_post_title_height":0,"ocean_post_title_bg_overlay":0.5,"ocean_post_title_bg_overlay_color":"","ocean_disable_breadcrumbs":"default","ocean_breadcrumbs_color":"","ocean_breadcrumbs_separator_color":"","ocean_breadcrumbs_links_color":"","ocean_breadcrumbs_links_hover_color":"","ocean_display_footer_widgets":"default","ocean_display_footer_bottom":"default","ocean_custom_footer_template":"0","ocean_post_oembed":"","ocean_post_self_hosted_media":"","ocean_post_video_embed":"","ocean_link_format":"","ocean_link_format_target":"self","ocean_quote_format":"","ocean_quote_format_link":"post","ocean_gallery_link_images":"off","ocean_gallery_id":[],"footnotes":""},"categories":[97,670],"tags":[],"class_list":["post-16832","post","type-post","status-publish","format-standard","has-post-thumbnail","hentry","category-anakena-kosmetik","category-osterinsel","entry","has-media","owp-thumbs-layout-horizontal","owp-btn-normal","owp-tabs-layout-vertical","has-no-thumbnails","has-product-nav"],"amp_enabled":true,"_links":{"self":[{"href":"https:\/\/anakena.de\/fr\/wp-json\/wp\/v2\/posts\/16832","targetHints":{"allow":["GET"]}}],"collection":[{"href":"https:\/\/anakena.de\/fr\/wp-json\/wp\/v2\/posts"}],"about":[{"href":"https:\/\/anakena.de\/fr\/wp-json\/wp\/v2\/types\/post"}],"author":[{"embeddable":true,"href":"https:\/\/anakena.de\/fr\/wp-json\/wp\/v2\/users\/8"}],"replies":[{"embeddable":true,"href":"https:\/\/anakena.de\/fr\/wp-json\/wp\/v2\/comments?post=16832"}],"version-history":[{"count":0,"href":"https:\/\/anakena.de\/fr\/wp-json\/wp\/v2\/posts\/16832\/revisions"}],"wp:featuredmedia":[{"embeddable":true,"href":"https:\/\/anakena.de\/fr\/wp-json\/wp\/v2\/media\/16835"}],"wp:attachment":[{"href":"https:\/\/anakena.de\/fr\/wp-json\/wp\/v2\/media?parent=16832"}],"wp:term":[{"taxonomy":"category","embeddable":true,"href":"https:\/\/anakena.de\/fr\/wp-json\/wp\/v2\/categories?post=16832"},{"taxonomy":"post_tag","embeddable":true,"href":"https:\/\/anakena.de\/fr\/wp-json\/wp\/v2\/tags?post=16832"}],"curies":[{"name":"wp","href":"https:\/\/api.w.org\/{rel}","templated":true}]}}