{"id":20299,"date":"2023-06-10T23:30:28","date_gmt":"2023-06-10T22:30:28","guid":{"rendered":"https:\/\/anakena.de\/?p=20299"},"modified":"2025-04-08T08:06:10","modified_gmt":"2025-04-08T07:06:10","slug":"les-meilleurs-trucs-dete-pour-proteger-votre-peau-par-temps-chaud","status":"publish","type":"post","link":"https:\/\/anakena.de\/fr\/top-sommer-hautpflege-hacks-wie-sie-ihre-haut-bei-heissen-temperaturen-schuetzen\/","title":{"rendered":"Top des astuces pour prendre soin de sa peau en \u00e9t\u00e9 : comment prot\u00e9ger sa peau quand il fait chaud ?"},"content":{"rendered":"<p>Les journ\u00e9es d'\u00e9t\u00e9 sont enfin l\u00e0 ! Alors que nous profitons des chauds rayons du soleil, les soins de la peau ne doivent pas \u00eatre n\u00e9glig\u00e9s. Voici quelques conseils d'experts qui vous aideront \u00e0 garder une peau saine et soign\u00e9e m\u00eame pendant la saison chaude.<\/p>\n<p>Comment prendre soin de sa peau en \u00e9t\u00e9 ?<\/p>\n<p>En \u00e9t\u00e9, il est crucial d'hydrater la peau et de la prot\u00e9ger contre les rayons UV nocifs. Commencez la journ\u00e9e avec un nettoyant doux comme le <a href=\"https:\/\/anakena.de\/de_de_formal\/product\/duschgel-haut-haar\/\" target=\"_blank\" rel=\"noopener\"><span style=\"color: #cdaa58;\">Gel douche peau et cheveux<\/span><\/a> de la marque Anakena. Il est non seulement excellent pour nettoyer la peau, mais aussi pour laver les cheveux, ce qui en fait un produit polyvalent parfait pour vos soins d'\u00e9t\u00e9 - m\u00eame pour les vacances !<\/p>\n<p>Quelle est la meilleure routine de soins de la peau pour l'\u00e9t\u00e9 ?<\/p>\n<p><strong>Nettoyage<\/strong>Commencez par un nettoyage en douceur pour \u00e9liminer la transpiration et la salet\u00e9. Le gel douche Peau &amp; Cheveux convient parfaitement \u00e0 cet effet et pr\u00e9pare la peau de mani\u00e8re optimale aux \u00e9tapes de soin suivantes.<\/p>\n<p><strong>Soin hydratant<\/strong>: une cr\u00e8me hydratante l\u00e9g\u00e8re comme la <a href=\"https:\/\/anakena.de\/de_de_formal\/product\/gesichtscreme-anakena\/\" target=\"_blank\" rel=\"noopener\"><span style=\"color: #cdaa58;\">Cr\u00e8me pour le visage Anakena<\/span><\/a> peut contribuer \u00e0 maintenir l'hydratation de votre peau sans la rendre grasse. Elle peut \u00eatre utilis\u00e9e comme cr\u00e8me de jour et de nuit. Dans notre cr\u00e8me pour le visage, des huiles et des essences v\u00e9g\u00e9tales s\u00e9lectionn\u00e9es se compl\u00e8tent selon l'exemple de la nature pour former une composition \u00e9quilibr\u00e9e. Elle prot\u00e8ge, rafra\u00eechit et soigne l'aspect de votre peau.<\/p>\n<p><strong>Protection solaire<\/strong>M\u00eame par temps nuageux, les rayons UV peuvent endommager votre peau. N'oubliez pas d'appliquer une protection solaire avec un FPS \u00e9lev\u00e9 avant de vous exposer au soleil.<br \/>Quels sont les soins de la peau \u00e0 \u00e9viter en \u00e9t\u00e9 ?<\/p>\n<p>En \u00e9t\u00e9, il convient d'\u00e9viter les produits lourds et huileux, en particulier sur le visage, qui peuvent obstruer les pores et provoquer des impuret\u00e9s cutan\u00e9es. En outre, vous devriez \u00e9galement \u00e9viter les produits \u00e0 forte teneur en alcool, car ils peuvent ass\u00e9cher la peau. Au lieu de vous laver le visage \u00e0 l'eau chaude, faites-le \u00e0 l'eau fra\u00eeche pour r\u00e9duire les rougeurs.<\/p>\n<p>De quels produits de soin de la peau ai-je besoin en \u00e9t\u00e9 ?<\/p>\n<p>En dehors des produits de soins de base comme le nettoyant et la cr\u00e8me hydratante, une bonne huile peut \u00eatre tr\u00e8s utile pour apaiser et soigner la peau apr\u00e8s une exposition au soleil. Le site <a href=\"https:\/\/anakena.de\/de_de_formal\/product\/monoi-de-tahiti-anakena\/\" target=\"_blank\" rel=\"noopener\"><span style=\"color: #cdaa58;\">Mono\u00ef de Tahiti<\/span><\/a> est un excellent produit qui peut \u00eatre utilis\u00e9 aussi bien pour les bains de soleil que pour les soins apr\u00e8s-soleil. Veuillez noter que l'huile de mono\u00ef n'offre pas de protection contre les UV, il est donc important d'utiliser une protection solaire en compl\u00e9ment. Pour une hydratation suppl\u00e9mentaire, nous recommandons <a href=\"https:\/\/anakena.de\/de_de_formal\/product\/koerperlotion-anakena\/\" target=\"_blank\" rel=\"noopener\"><span style=\"color: #cdaa58;\">Lotion corporelle Anakena<\/span><\/a>Enrichie d'ingr\u00e9dients naturels, elle laisse la peau souple et douce. Une lotion riche, rapidement absorb\u00e9e, avec des substances actives hydratantes. Un v\u00e9ritable luxe pour la peau avec un cocktail de soins exotiques \u00e0 base de curcuma, de goyave bio, d'algues bio, de beurre de mangue, d'huile de roucou et de Mono\u00ef de Tahiti Natural Ananas.<\/p>\n<p>Pensez \u00e0 adapter vos soins aux besoins sp\u00e9cifiques de votre peau et aux d\u00e9fis de l'\u00e9t\u00e9. Faites confiance \u00e0 Anakena, des cosm\u00e9tiques purement naturels. La cl\u00e9 d'une peau saine et \u00e9clatante r\u00e9side dans la constance de votre routine. Profitez de l'\u00e9t\u00e9 et n'oubliez pas de donner \u00e0 votre peau les soins dont elle a besoin.<br \/><br \/><\/p>\n<p><a href=\"https:\/\/anakena.de\/de_de_formal\/product\/set-duschgel-koerperlotion-gesichtscreme-und-monoi-de-tahiti\/\" target=\"_blank\" rel=\"noopener\"><img fetchpriority=\"high\" decoding=\"async\" class=\"alignnone wp-image-20314 size-large\" src=\"https:\/\/anakena.de\/wp-content\/uploads\/2023\/06\/alle-Produkte-auf-einem-Holzbrett-1024x604.jpg\" alt=\"Les cosm\u00e9tiques Anakena pour les soins d&#039;\u00e9t\u00e9\" width=\"1024\" height=\"604\" title=\"\" srcset=\"https:\/\/anakena.de\/wp-content\/uploads\/2023\/06\/alle-Produkte-auf-einem-Holzbrett-1024x604.jpg 1024w, https:\/\/anakena.de\/wp-content\/uploads\/2023\/06\/alle-Produkte-auf-einem-Holzbrett-300x177.jpg 300w, https:\/\/anakena.de\/wp-content\/uploads\/2023\/06\/alle-Produkte-auf-einem-Holzbrett-768x453.jpg 768w, https:\/\/anakena.de\/wp-content\/uploads\/2023\/06\/alle-Produkte-auf-einem-Holzbrett-1536x905.jpg 1536w, https:\/\/anakena.de\/wp-content\/uploads\/2023\/06\/alle-Produkte-auf-einem-Holzbrett-2048x1207.jpg 2048w, https:\/\/anakena.de\/wp-content\/uploads\/2023\/06\/alle-Produkte-auf-einem-Holzbrett-18x12.jpg 18w, https:\/\/anakena.de\/wp-content\/uploads\/2023\/06\/alle-Produkte-auf-einem-Holzbrett-400x236.jpg 400w\" sizes=\"(max-width: 1024px) 100vw, 1024px\" \/><\/a><\/p>","protected":false},"excerpt":{"rendered":"<p>Die Sommertage sind endlich da! W\u00e4hrend wir die w\u00e4rmenden Sonnenstrahlen genie\u00dfen, darf die Hautpflege nicht vernachl\u00e4ssigt werden. Hier sind einige Expertentipps, die Ihnen dabei helfen, Ihre Haut auch in der hei\u00dfen Jahreszeit gesund und gepflegt zu halten. Wie pflegt man die Haut im Sommer? Im Sommer ist es entscheidend, die Haut mit Feuchtigkeit zu versorgen [&hellip;]<\/p>\n","protected":false},"author":8,"featured_media":20300,"comment_status":"closed","ping_status":"closed","sticky":false,"template":"","format":"standard","meta":{"content-type":"","inline_featured_image":false,"ocean_post_layout":"","ocean_both_sidebars_style":"","ocean_both_sidebars_content_width":0,"ocean_both_sidebars_sidebars_width":0,"ocean_sidebar":"0","ocean_second_sidebar":"0","ocean_disable_margins":"enable","ocean_add_body_class":"","ocean_shortcode_before_top_bar":"","ocean_shortcode_after_top_bar":"","ocean_shortcode_before_header":"","ocean_shortcode_after_header":"","ocean_has_shortcode":"","ocean_shortcode_after_title":"","ocean_shortcode_before_footer_widgets":"","ocean_shortcode_after_footer_widgets":"","ocean_shortcode_before_footer_bottom":"","ocean_shortcode_after_footer_bottom":"","ocean_display_top_bar":"default","ocean_display_header":"default","ocean_header_style":"","ocean_center_header_left_menu":"0","ocean_custom_header_template":"0","ocean_custom_logo":0,"ocean_custom_retina_logo":0,"ocean_custom_logo_max_width":0,"ocean_custom_logo_tablet_max_width":0,"ocean_custom_logo_mobile_max_width":0,"ocean_custom_logo_max_height":0,"ocean_custom_logo_tablet_max_height":0,"ocean_custom_logo_mobile_max_height":0,"ocean_header_custom_menu":"0","ocean_menu_typo_font_family":"0","ocean_menu_typo_font_subset":"","ocean_menu_typo_font_size":0,"ocean_menu_typo_font_size_tablet":0,"ocean_menu_typo_font_size_mobile":0,"ocean_menu_typo_font_size_unit":"px","ocean_menu_typo_font_weight":"","ocean_menu_typo_font_weight_tablet":"","ocean_menu_typo_font_weight_mobile":"","ocean_menu_typo_transform":"","ocean_menu_typo_transform_tablet":"","ocean_menu_typo_transform_mobile":"","ocean_menu_typo_line_height":0,"ocean_menu_typo_line_height_tablet":0,"ocean_menu_typo_line_height_mobile":0,"ocean_menu_typo_line_height_unit":"","ocean_menu_typo_spacing":0,"ocean_menu_typo_spacing_tablet":0,"ocean_menu_typo_spacing_mobile":0,"ocean_menu_typo_spacing_unit":"","ocean_menu_link_color":"","ocean_menu_link_color_hover":"","ocean_menu_link_color_active":"","ocean_menu_link_background":"","ocean_menu_link_hover_background":"","ocean_menu_link_active_background":"","ocean_menu_social_links_bg":"","ocean_menu_social_hover_links_bg":"","ocean_menu_social_links_color":"","ocean_menu_social_hover_links_color":"","ocean_disable_title":"default","ocean_disable_heading":"default","ocean_post_title":"","ocean_post_subheading":"","ocean_post_title_style":"","ocean_post_title_background_color":"","ocean_post_title_background":0,"ocean_post_title_bg_image_position":"","ocean_post_title_bg_image_attachment":"","ocean_post_title_bg_image_repeat":"","ocean_post_title_bg_image_size":"","ocean_post_title_height":0,"ocean_post_title_bg_overlay":0.5,"ocean_post_title_bg_overlay_color":"","ocean_disable_breadcrumbs":"default","ocean_breadcrumbs_color":"","ocean_breadcrumbs_separator_color":"","ocean_breadcrumbs_links_color":"","ocean_breadcrumbs_links_hover_color":"","ocean_display_footer_widgets":"default","ocean_display_footer_bottom":"default","ocean_custom_footer_template":"0","ocean_post_oembed":"","ocean_post_self_hosted_media":"","ocean_post_video_embed":"","ocean_link_format":"","ocean_link_format_target":"self","ocean_quote_format":"","ocean_quote_format_link":"post","ocean_gallery_link_images":"off","ocean_gallery_id":[],"footnotes":""},"categories":[97,98,672],"tags":[],"class_list":["post-20299","post","type-post","status-publish","format-standard","has-post-thumbnail","hentry","category-anakena-kosmetik","category-produkte","category-schoenheit-und-gesundheit","entry","has-media","owp-thumbs-layout-horizontal","owp-btn-normal","owp-tabs-layout-vertical","has-no-thumbnails","has-product-nav"],"amp_enabled":true,"_links":{"self":[{"href":"https:\/\/anakena.de\/fr\/wp-json\/wp\/v2\/posts\/20299","targetHints":{"allow":["GET"]}}],"collection":[{"href":"https:\/\/anakena.de\/fr\/wp-json\/wp\/v2\/posts"}],"about":[{"href":"https:\/\/anakena.de\/fr\/wp-json\/wp\/v2\/types\/post"}],"author":[{"embeddable":true,"href":"https:\/\/anakena.de\/fr\/wp-json\/wp\/v2\/users\/8"}],"replies":[{"embeddable":true,"href":"https:\/\/anakena.de\/fr\/wp-json\/wp\/v2\/comments?post=20299"}],"version-history":[{"count":0,"href":"https:\/\/anakena.de\/fr\/wp-json\/wp\/v2\/posts\/20299\/revisions"}],"wp:featuredmedia":[{"embeddable":true,"href":"https:\/\/anakena.de\/fr\/wp-json\/wp\/v2\/media\/20300"}],"wp:attachment":[{"href":"https:\/\/anakena.de\/fr\/wp-json\/wp\/v2\/media?parent=20299"}],"wp:term":[{"taxonomy":"category","embeddable":true,"href":"https:\/\/anakena.de\/fr\/wp-json\/wp\/v2\/categories?post=20299"},{"taxonomy":"post_tag","embeddable":true,"href":"https:\/\/anakena.de\/fr\/wp-json\/wp\/v2\/tags?post=20299"}],"curies":[{"name":"wp","href":"https:\/\/api.w.org\/{rel}","templated":true}]}}