{"id":23629,"date":"2024-11-02T08:37:55","date_gmt":"2024-11-02T07:37:55","guid":{"rendered":"https:\/\/anakena.de\/?p=23629"},"modified":"2026-04-25T19:31:18","modified_gmt":"2026-04-25T17:31:18","slug":"de-rapa-nui-au-monde-lhistoire-du-developpement-danakena-natural-cosmetics","status":"publish","type":"post","link":"https:\/\/anakena.de\/fr\/von-rapa-nui-in-die-welt-die-entwicklungsgeschichte-von-anakena-natural-cosmetics\/","title":{"rendered":"De Rapa Nui au monde entier : l'histoire du d\u00e9veloppement d'Anakena - Natural Cosmetics"},"content":{"rendered":"<p>Il y a dix ans, sur<span style=\"color: #a08601;\"> <a style=\"color: #a08601;\" href=\"https:\/\/anakena.de\/de_de_formal\/entdecken\/osterinsel\/\" target=\"_blank\" rel=\"noopener\">Rapa Nui - l'\u00eele de P\u00e2ques <\/a><\/span><span style=\"color: #cdaa58;\">\u2013<\/span>\u00a0la marque <strong>Anakena - Cosm\u00e9tiques naturels<\/strong> a \u00e9t\u00e9 lanc\u00e9 par notre entreprise chilienne Rapa Nui Natural Products. Pendant plus de six ans, nous avons introduit \u00e0 Hanga Roa une<span style=\"color: #a08601;\"> <a style=\"color: #a08601;\" href=\"https:\/\/anakena-cosmetics.cl\/en\/descubrenos\/historia\/\" target=\"_blank\" rel=\"noopener\">Magasin<\/a><\/span> sous ce nom, dans lequel nous avons associ\u00e9 la flore unique de l'\u00eele \u00e0 la cr\u00e9ativit\u00e9 artisanale.<\/p>\n<p style=\"text-align: center;\"><img fetchpriority=\"high\" decoding=\"async\" class=\"wp-image-23639 aligncenter\" src=\"https:\/\/anakena.de\/wp-content\/uploads\/2024\/12\/Tienda-RNNP_2008-1024x765.png\" alt=\"Magasin Rapa Nui Natural Products sur l&#039;\u00eele de P\u00e2ques\" width=\"733\" height=\"548\" title=\"\" srcset=\"https:\/\/anakena.de\/wp-content\/uploads\/2024\/12\/Tienda-RNNP_2008-1024x765.png 1024w, https:\/\/anakena.de\/wp-content\/uploads\/2024\/12\/Tienda-RNNP_2008-300x224.png 300w, https:\/\/anakena.de\/wp-content\/uploads\/2024\/12\/Tienda-RNNP_2008-768x574.png 768w, https:\/\/anakena.de\/wp-content\/uploads\/2024\/12\/Tienda-RNNP_2008-1536x1148.png 1536w, https:\/\/anakena.de\/wp-content\/uploads\/2024\/12\/Tienda-RNNP_2008-16x12.png 16w, https:\/\/anakena.de\/wp-content\/uploads\/2024\/12\/Tienda-RNNP_2008-400x299.png 400w, https:\/\/anakena.de\/wp-content\/uploads\/2024\/12\/Tienda-RNNP_2008.png 1890w\" sizes=\"(max-width: 733px) 100vw, 733px\" \/><\/p>\n<p>Il en a r\u00e9sult\u00e9 des produits exceptionnels comme des confitures de fruits tropicaux, des chocolats en forme de moais et du sel gourmet avec des herbes de notre propre jardin bio.<\/p>\n<div id='gallery-1' class='gallery galleryid-23629 gallery-columns-4 gallery-size-medium'><figure class='gallery-item'>\n\t\t\t<div class='gallery-icon landscape'>\n\t\t\t\t<a href=\"https:\/\/anakena.de\/fr\/von-rapa-nui-in-die-welt-die-entwicklungsgeschichte-von-anakena-natural-cosmetics\/3-10\/\"><img decoding=\"async\" width=\"300\" height=\"300\" src=\"https:\/\/anakena.de\/wp-content\/uploads\/2024\/12\/3-300x300.png\" class=\"attachment-medium size-medium\" alt=\"\" srcset=\"https:\/\/anakena.de\/wp-content\/uploads\/2024\/12\/3-300x300.png 300w, https:\/\/anakena.de\/wp-content\/uploads\/2024\/12\/3-1024x1024.png 1024w, https:\/\/anakena.de\/wp-content\/uploads\/2024\/12\/3-150x150.png 150w, https:\/\/anakena.de\/wp-content\/uploads\/2024\/12\/3-768x768.png 768w, https:\/\/anakena.de\/wp-content\/uploads\/2024\/12\/3-12x12.png 12w, https:\/\/anakena.de\/wp-content\/uploads\/2024\/12\/3-600x600.png 600w, https:\/\/anakena.de\/wp-content\/uploads\/2024\/12\/3-800x800.png 800w, https:\/\/anakena.de\/wp-content\/uploads\/2024\/12\/3-400x400.png 400w, https:\/\/anakena.de\/wp-content\/uploads\/2024\/12\/3-100x100.png 100w, https:\/\/anakena.de\/wp-content\/uploads\/2024\/12\/3.png 1080w\" sizes=\"(max-width: 300px) 100vw, 300px\" title=\"\"><\/a>\n\t\t\t<\/div><\/figure><figure class='gallery-item'>\n\t\t\t<div class='gallery-icon landscape'>\n\t\t\t\t<a href=\"https:\/\/anakena.de\/fr\/von-rapa-nui-in-die-welt-die-entwicklungsgeschichte-von-anakena-natural-cosmetics\/4-7\/\"><img decoding=\"async\" width=\"300\" height=\"300\" src=\"https:\/\/anakena.de\/wp-content\/uploads\/2024\/12\/4-300x300.png\" class=\"attachment-medium size-medium\" alt=\"\" srcset=\"https:\/\/anakena.de\/wp-content\/uploads\/2024\/12\/4-300x300.png 300w, https:\/\/anakena.de\/wp-content\/uploads\/2024\/12\/4-1024x1024.png 1024w, https:\/\/anakena.de\/wp-content\/uploads\/2024\/12\/4-150x150.png 150w, https:\/\/anakena.de\/wp-content\/uploads\/2024\/12\/4-768x768.png 768w, https:\/\/anakena.de\/wp-content\/uploads\/2024\/12\/4-12x12.png 12w, https:\/\/anakena.de\/wp-content\/uploads\/2024\/12\/4-600x600.png 600w, https:\/\/anakena.de\/wp-content\/uploads\/2024\/12\/4-800x800.png 800w, https:\/\/anakena.de\/wp-content\/uploads\/2024\/12\/4-400x400.png 400w, https:\/\/anakena.de\/wp-content\/uploads\/2024\/12\/4-100x100.png 100w, https:\/\/anakena.de\/wp-content\/uploads\/2024\/12\/4.png 1080w\" sizes=\"(max-width: 300px) 100vw, 300px\" title=\"\"><\/a>\n\t\t\t<\/div><\/figure><figure class='gallery-item'>\n\t\t\t<div class='gallery-icon landscape'>\n\t\t\t\t<a href=\"https:\/\/anakena.de\/fr\/von-rapa-nui-in-die-welt-die-entwicklungsgeschichte-von-anakena-natural-cosmetics\/5-5\/\"><img loading=\"lazy\" decoding=\"async\" width=\"300\" height=\"300\" src=\"https:\/\/anakena.de\/wp-content\/uploads\/2024\/12\/5-300x300.png\" class=\"attachment-medium size-medium\" alt=\"\" srcset=\"https:\/\/anakena.de\/wp-content\/uploads\/2024\/12\/5-300x300.png 300w, https:\/\/anakena.de\/wp-content\/uploads\/2024\/12\/5-1024x1024.png 1024w, https:\/\/anakena.de\/wp-content\/uploads\/2024\/12\/5-150x150.png 150w, https:\/\/anakena.de\/wp-content\/uploads\/2024\/12\/5-768x768.png 768w, https:\/\/anakena.de\/wp-content\/uploads\/2024\/12\/5-12x12.png 12w, https:\/\/anakena.de\/wp-content\/uploads\/2024\/12\/5-600x600.png 600w, https:\/\/anakena.de\/wp-content\/uploads\/2024\/12\/5-800x800.png 800w, https:\/\/anakena.de\/wp-content\/uploads\/2024\/12\/5-400x400.png 400w, https:\/\/anakena.de\/wp-content\/uploads\/2024\/12\/5-100x100.png 100w, https:\/\/anakena.de\/wp-content\/uploads\/2024\/12\/5.png 1080w\" sizes=\"(max-width: 300px) 100vw, 300px\" title=\"\"><\/a>\n\t\t\t<\/div><\/figure><figure class='gallery-item'>\n\t\t\t<div class='gallery-icon landscape'>\n\t\t\t\t<a href=\"https:\/\/anakena.de\/fr\/von-rapa-nui-in-die-welt-die-entwicklungsgeschichte-von-anakena-natural-cosmetics\/7-7\/\"><img loading=\"lazy\" decoding=\"async\" width=\"300\" height=\"300\" src=\"https:\/\/anakena.de\/wp-content\/uploads\/2024\/12\/7-300x300.png\" class=\"attachment-medium size-medium\" alt=\"\" srcset=\"https:\/\/anakena.de\/wp-content\/uploads\/2024\/12\/7-300x300.png 300w, https:\/\/anakena.de\/wp-content\/uploads\/2024\/12\/7-1024x1024.png 1024w, https:\/\/anakena.de\/wp-content\/uploads\/2024\/12\/7-150x150.png 150w, https:\/\/anakena.de\/wp-content\/uploads\/2024\/12\/7-768x768.png 768w, https:\/\/anakena.de\/wp-content\/uploads\/2024\/12\/7-12x12.png 12w, https:\/\/anakena.de\/wp-content\/uploads\/2024\/12\/7-600x600.png 600w, https:\/\/anakena.de\/wp-content\/uploads\/2024\/12\/7-800x800.png 800w, https:\/\/anakena.de\/wp-content\/uploads\/2024\/12\/7-400x400.png 400w, https:\/\/anakena.de\/wp-content\/uploads\/2024\/12\/7-100x100.png 100w, https:\/\/anakena.de\/wp-content\/uploads\/2024\/12\/7.png 1080w\" sizes=\"(max-width: 300px) 100vw, 300px\" title=\"\"><\/a>\n\t\t\t<\/div><\/figure><figure class='gallery-item'>\n\t\t\t<div class='gallery-icon landscape'>\n\t\t\t\t<a href=\"https:\/\/anakena.de\/fr\/von-rapa-nui-in-die-welt-die-entwicklungsgeschichte-von-anakena-natural-cosmetics\/10-4\/\"><img loading=\"lazy\" decoding=\"async\" width=\"300\" height=\"300\" src=\"https:\/\/anakena.de\/wp-content\/uploads\/2024\/12\/10-300x300.png\" class=\"attachment-medium size-medium\" alt=\"\" srcset=\"https:\/\/anakena.de\/wp-content\/uploads\/2024\/12\/10-300x300.png 300w, https:\/\/anakena.de\/wp-content\/uploads\/2024\/12\/10-1024x1024.png 1024w, https:\/\/anakena.de\/wp-content\/uploads\/2024\/12\/10-150x150.png 150w, https:\/\/anakena.de\/wp-content\/uploads\/2024\/12\/10-768x768.png 768w, https:\/\/anakena.de\/wp-content\/uploads\/2024\/12\/10-12x12.png 12w, https:\/\/anakena.de\/wp-content\/uploads\/2024\/12\/10-600x600.png 600w, https:\/\/anakena.de\/wp-content\/uploads\/2024\/12\/10-800x800.png 800w, https:\/\/anakena.de\/wp-content\/uploads\/2024\/12\/10-400x400.png 400w, https:\/\/anakena.de\/wp-content\/uploads\/2024\/12\/10-100x100.png 100w, https:\/\/anakena.de\/wp-content\/uploads\/2024\/12\/10.png 1080w\" sizes=\"(max-width: 300px) 100vw, 300px\" title=\"\"><\/a>\n\t\t\t<\/div><\/figure><figure class='gallery-item'>\n\t\t\t<div class='gallery-icon landscape'>\n\t\t\t\t<a href=\"https:\/\/anakena.de\/fr\/von-rapa-nui-in-die-welt-die-entwicklungsgeschichte-von-anakena-natural-cosmetics\/11-3\/\"><img loading=\"lazy\" decoding=\"async\" width=\"300\" height=\"300\" src=\"https:\/\/anakena.de\/wp-content\/uploads\/2024\/12\/11-300x300.png\" class=\"attachment-medium size-medium\" alt=\"\" srcset=\"https:\/\/anakena.de\/wp-content\/uploads\/2024\/12\/11-300x300.png 300w, https:\/\/anakena.de\/wp-content\/uploads\/2024\/12\/11-1024x1024.png 1024w, https:\/\/anakena.de\/wp-content\/uploads\/2024\/12\/11-150x150.png 150w, https:\/\/anakena.de\/wp-content\/uploads\/2024\/12\/11-768x768.png 768w, https:\/\/anakena.de\/wp-content\/uploads\/2024\/12\/11-12x12.png 12w, https:\/\/anakena.de\/wp-content\/uploads\/2024\/12\/11-600x600.png 600w, https:\/\/anakena.de\/wp-content\/uploads\/2024\/12\/11-800x800.png 800w, https:\/\/anakena.de\/wp-content\/uploads\/2024\/12\/11-400x400.png 400w, https:\/\/anakena.de\/wp-content\/uploads\/2024\/12\/11-100x100.png 100w, https:\/\/anakena.de\/wp-content\/uploads\/2024\/12\/11.png 1080w\" sizes=\"(max-width: 300px) 100vw, 300px\" title=\"\"><\/a>\n\t\t\t<\/div><\/figure><figure class='gallery-item'>\n\t\t\t<div class='gallery-icon landscape'>\n\t\t\t\t<a href=\"https:\/\/anakena.de\/fr\/von-rapa-nui-in-die-welt-die-entwicklungsgeschichte-von-anakena-natural-cosmetics\/12-5\/\"><img loading=\"lazy\" decoding=\"async\" width=\"300\" height=\"300\" src=\"https:\/\/anakena.de\/wp-content\/uploads\/2024\/12\/12-300x300.png\" class=\"attachment-medium size-medium\" alt=\"\" srcset=\"https:\/\/anakena.de\/wp-content\/uploads\/2024\/12\/12-300x300.png 300w, https:\/\/anakena.de\/wp-content\/uploads\/2024\/12\/12-1024x1024.png 1024w, https:\/\/anakena.de\/wp-content\/uploads\/2024\/12\/12-150x150.png 150w, https:\/\/anakena.de\/wp-content\/uploads\/2024\/12\/12-768x768.png 768w, https:\/\/anakena.de\/wp-content\/uploads\/2024\/12\/12-12x12.png 12w, https:\/\/anakena.de\/wp-content\/uploads\/2024\/12\/12-600x600.png 600w, https:\/\/anakena.de\/wp-content\/uploads\/2024\/12\/12-800x800.png 800w, https:\/\/anakena.de\/wp-content\/uploads\/2024\/12\/12-400x400.png 400w, https:\/\/anakena.de\/wp-content\/uploads\/2024\/12\/12-100x100.png 100w, https:\/\/anakena.de\/wp-content\/uploads\/2024\/12\/12.png 1080w\" sizes=\"(max-width: 300px) 100vw, 300px\" title=\"\"><\/a>\n\t\t\t<\/div><\/figure><figure class='gallery-item'>\n\t\t\t<div class='gallery-icon landscape'>\n\t\t\t\t<a href=\"https:\/\/anakena.de\/fr\/von-rapa-nui-in-die-welt-die-entwicklungsgeschichte-von-anakena-natural-cosmetics\/13-4\/\"><img loading=\"lazy\" decoding=\"async\" width=\"300\" height=\"300\" src=\"https:\/\/anakena.de\/wp-content\/uploads\/2024\/12\/13-300x300.png\" class=\"attachment-medium size-medium\" alt=\"\" srcset=\"https:\/\/anakena.de\/wp-content\/uploads\/2024\/12\/13-300x300.png 300w, https:\/\/anakena.de\/wp-content\/uploads\/2024\/12\/13-1024x1024.png 1024w, https:\/\/anakena.de\/wp-content\/uploads\/2024\/12\/13-150x150.png 150w, https:\/\/anakena.de\/wp-content\/uploads\/2024\/12\/13-768x768.png 768w, https:\/\/anakena.de\/wp-content\/uploads\/2024\/12\/13-12x12.png 12w, https:\/\/anakena.de\/wp-content\/uploads\/2024\/12\/13-600x600.png 600w, https:\/\/anakena.de\/wp-content\/uploads\/2024\/12\/13-800x800.png 800w, https:\/\/anakena.de\/wp-content\/uploads\/2024\/12\/13-400x400.png 400w, https:\/\/anakena.de\/wp-content\/uploads\/2024\/12\/13-100x100.png 100w, https:\/\/anakena.de\/wp-content\/uploads\/2024\/12\/13.png 1080w\" sizes=\"(max-width: 300px) 100vw, 300px\" title=\"\"><\/a>\n\t\t\t<\/div><\/figure>\n\t\t<\/div>\n\n<p>Notre passion pour les cosm\u00e9tiques naturels a commenc\u00e9 avec des savons faits \u00e0 la main qui r\u00e9unissaient la richesse de Rapa Nui : des herbes aromatiques, des fleurs luxuriantes et des algues marines. D'autres cr\u00e9ations ont rapidement vu le jour dans notre petit atelier : Des produits pour le bain, des parfums solides et des huiles de massage qui refl\u00e9taient la beaut\u00e9 et la magie de l'\u00eele.<\/p>\n<p>Encourag\u00e9s par les r\u00e9actions positives des habitants de l'\u00eele et des touristes, nous avons transform\u00e9 Anakena, un projet artisanal, en une marque de cosm\u00e9tiques naturels, d\u00e9sormais disponible sur le continent chilien, d'Arica \u00e0 Puerto Natales - et bien s\u00fbr dans les boutiques de souvenirs de Rapa Nui.<\/p>\n<p>En 2018, nous avons fait le pas vers l'Europe et avons fond\u00e9 la soci\u00e9t\u00e9 <strong>Anakena GmbH &amp; Co. KG<\/strong> \u00e0 Munich, en Allemagne. Depuis, nous fabriquons nos produits cosm\u00e9tiques dans des laboratoires sp\u00e9cialis\u00e9s en Allemagne et en France.<\/p>\n<p>Cette ann\u00e9e, nous f\u00eatons le <strong>10e anniversaire de <\/strong><span style=\"color: #a08601;\"><a style=\"color: #a08601;\" href=\"https:\/\/anakena-cosmetics.cl\/en\/\" target=\"_blank\" rel=\"noopener\">Anakena au Chili<\/a><\/span>. Une d\u00e9cennie plus tard, Anakena est bien plus qu'une simple marque de cosm\u00e9tiques - c'est une exp\u00e9rience qui incarne Rapa Nui avec toutes ses couleurs, ses parfums et sa magie. Chacun de nos produits raconte une histoire et porte en lui le \"mana\" - l'\u00e9nergie spirituelle particuli\u00e8re de la culture polyn\u00e9sienne qui caract\u00e9rise cette \u00eele unique.<\/p>\n<p style=\"text-align: center;\"><img loading=\"lazy\" decoding=\"async\" class=\"size-large wp-image-22728 aligncenter\" src=\"https:\/\/anakena.de\/wp-content\/uploads\/2024\/07\/Foto-fuer-Webseite-Anakena-Deutschland_nachbearbeitet-1024x281.png\" alt=\"Produits Anakena - Natural Cosmetics Chile\" width=\"1024\" height=\"281\" title=\"\" srcset=\"https:\/\/anakena.de\/wp-content\/uploads\/2024\/07\/Foto-fuer-Webseite-Anakena-Deutschland_nachbearbeitet-1024x281.png 1024w, https:\/\/anakena.de\/wp-content\/uploads\/2024\/07\/Foto-fuer-Webseite-Anakena-Deutschland_nachbearbeitet-300x82.png 300w, https:\/\/anakena.de\/wp-content\/uploads\/2024\/07\/Foto-fuer-Webseite-Anakena-Deutschland_nachbearbeitet-768x211.png 768w, https:\/\/anakena.de\/wp-content\/uploads\/2024\/07\/Foto-fuer-Webseite-Anakena-Deutschland_nachbearbeitet-1536x421.png 1536w, https:\/\/anakena.de\/wp-content\/uploads\/2024\/07\/Foto-fuer-Webseite-Anakena-Deutschland_nachbearbeitet-2048x562.png 2048w, https:\/\/anakena.de\/wp-content\/uploads\/2024\/07\/Foto-fuer-Webseite-Anakena-Deutschland_nachbearbeitet-18x5.png 18w, https:\/\/anakena.de\/wp-content\/uploads\/2024\/07\/Foto-fuer-Webseite-Anakena-Deutschland_nachbearbeitet-400x110.png 400w\" sizes=\"(max-width: 1024px) 100vw, 1024px\" \/><\/p>\n<p>En vue de l'ann\u00e9e prochaine, nous pr\u00e9voyons \u00e9galement d'int\u00e9grer Anakena dans les<span style=\"color: #a08601;\"> <a style=\"color: #a08601;\" href=\"https:\/\/anakena.de\/de_de_formal\/anakena-auf-der-cosmoprof-north-america-miami-2025\/\" target=\"_blank\" rel=\"noopener\">\u00c9TATS-UNIS<\/a><\/span> pour pr\u00e9senter nos produits naturels \u00e0 un nouveau public. Notre c\u0153ur continue de battre au rythme des vagues du Pacifique qui ont inspir\u00e9 l'origine de notre marque. En m\u00eame temps, nous poursuivons notre mission de faire conna\u00eetre la beaut\u00e9 naturelle de la Polyn\u00e9sie au monde entier.<\/p>","protected":false},"excerpt":{"rendered":"<p>Vor zehn Jahren wurde auf Rapa Nui &#8211; der Osterinsel &#8211;\u00a0die Marke Anakena &#8211; Natural Cosmetics von unserer chilenischen Firma Rapa Nui Natural Products ins Leben gerufen. Mehr als sechs Jahre lang f\u00fchrten wir in Hanga Roa ein Gesch\u00e4ft unter diesem Namen, in dem wir die einzigartige Flora der Insel mit handwerklicher Kreativit\u00e4t verbanden. Das [&hellip;]<\/p>\n","protected":false},"author":8,"featured_media":23638,"comment_status":"closed","ping_status":"closed","sticky":false,"template":"","format":"standard","meta":{"content-type":"","inline_featured_image":false,"ocean_post_layout":"","ocean_both_sidebars_style":"","ocean_both_sidebars_content_width":0,"ocean_both_sidebars_sidebars_width":0,"ocean_sidebar":"","ocean_second_sidebar":"","ocean_disable_margins":"enable","ocean_add_body_class":"","ocean_shortcode_before_top_bar":"","ocean_shortcode_after_top_bar":"","ocean_shortcode_before_header":"","ocean_shortcode_after_header":"","ocean_has_shortcode":"","ocean_shortcode_after_title":"","ocean_shortcode_before_footer_widgets":"","ocean_shortcode_after_footer_widgets":"","ocean_shortcode_before_footer_bottom":"","ocean_shortcode_after_footer_bottom":"","ocean_display_top_bar":"default","ocean_display_header":"default","ocean_header_style":"","ocean_center_header_left_menu":"","ocean_custom_header_template":"","ocean_custom_logo":0,"ocean_custom_retina_logo":0,"ocean_custom_logo_max_width":0,"ocean_custom_logo_tablet_max_width":0,"ocean_custom_logo_mobile_max_width":0,"ocean_custom_logo_max_height":0,"ocean_custom_logo_tablet_max_height":0,"ocean_custom_logo_mobile_max_height":0,"ocean_header_custom_menu":"","ocean_menu_typo_font_family":"","ocean_menu_typo_font_subset":"","ocean_menu_typo_font_size":0,"ocean_menu_typo_font_size_tablet":0,"ocean_menu_typo_font_size_mobile":0,"ocean_menu_typo_font_size_unit":"px","ocean_menu_typo_font_weight":"","ocean_menu_typo_font_weight_tablet":"","ocean_menu_typo_font_weight_mobile":"","ocean_menu_typo_transform":"","ocean_menu_typo_transform_tablet":"","ocean_menu_typo_transform_mobile":"","ocean_menu_typo_line_height":0,"ocean_menu_typo_line_height_tablet":0,"ocean_menu_typo_line_height_mobile":0,"ocean_menu_typo_line_height_unit":"","ocean_menu_typo_spacing":0,"ocean_menu_typo_spacing_tablet":0,"ocean_menu_typo_spacing_mobile":0,"ocean_menu_typo_spacing_unit":"","ocean_menu_link_color":"","ocean_menu_link_color_hover":"","ocean_menu_link_color_active":"","ocean_menu_link_background":"","ocean_menu_link_hover_background":"","ocean_menu_link_active_background":"","ocean_menu_social_links_bg":"","ocean_menu_social_hover_links_bg":"","ocean_menu_social_links_color":"","ocean_menu_social_hover_links_color":"","ocean_disable_title":"default","ocean_disable_heading":"default","ocean_post_title":"","ocean_post_subheading":"","ocean_post_title_style":"","ocean_post_title_background_color":"","ocean_post_title_background":0,"ocean_post_title_bg_image_position":"","ocean_post_title_bg_image_attachment":"","ocean_post_title_bg_image_repeat":"","ocean_post_title_bg_image_size":"","ocean_post_title_height":0,"ocean_post_title_bg_overlay":0.5,"ocean_post_title_bg_overlay_color":"","ocean_disable_breadcrumbs":"default","ocean_breadcrumbs_color":"","ocean_breadcrumbs_separator_color":"","ocean_breadcrumbs_links_color":"","ocean_breadcrumbs_links_hover_color":"","ocean_display_footer_widgets":"default","ocean_display_footer_bottom":"default","ocean_custom_footer_template":"","ocean_post_oembed":"","ocean_post_self_hosted_media":"","ocean_post_video_embed":"","ocean_link_format":"","ocean_link_format_target":"self","ocean_quote_format":"","ocean_quote_format_link":"post","ocean_gallery_link_images":"on","ocean_gallery_id":[],"footnotes":""},"categories":[92,97],"tags":[],"class_list":["post-23629","post","type-post","status-publish","format-standard","has-post-thumbnail","hentry","category-about","category-anakena-kosmetik","entry","has-media","owp-thumbs-layout-horizontal","owp-btn-normal","owp-tabs-layout-vertical","has-no-thumbnails","has-product-nav"],"amp_enabled":true,"_links":{"self":[{"href":"https:\/\/anakena.de\/fr\/wp-json\/wp\/v2\/posts\/23629","targetHints":{"allow":["GET"]}}],"collection":[{"href":"https:\/\/anakena.de\/fr\/wp-json\/wp\/v2\/posts"}],"about":[{"href":"https:\/\/anakena.de\/fr\/wp-json\/wp\/v2\/types\/post"}],"author":[{"embeddable":true,"href":"https:\/\/anakena.de\/fr\/wp-json\/wp\/v2\/users\/8"}],"replies":[{"embeddable":true,"href":"https:\/\/anakena.de\/fr\/wp-json\/wp\/v2\/comments?post=23629"}],"version-history":[{"count":1,"href":"https:\/\/anakena.de\/fr\/wp-json\/wp\/v2\/posts\/23629\/revisions"}],"predecessor-version":[{"id":25528,"href":"https:\/\/anakena.de\/fr\/wp-json\/wp\/v2\/posts\/23629\/revisions\/25528"}],"wp:featuredmedia":[{"embeddable":true,"href":"https:\/\/anakena.de\/fr\/wp-json\/wp\/v2\/media\/23638"}],"wp:attachment":[{"href":"https:\/\/anakena.de\/fr\/wp-json\/wp\/v2\/media?parent=23629"}],"wp:term":[{"taxonomy":"category","embeddable":true,"href":"https:\/\/anakena.de\/fr\/wp-json\/wp\/v2\/categories?post=23629"},{"taxonomy":"post_tag","embeddable":true,"href":"https:\/\/anakena.de\/fr\/wp-json\/wp\/v2\/tags?post=23629"}],"curies":[{"name":"wp","href":"https:\/\/api.w.org\/{rel}","templated":true}]}}