{"id":23622,"date":"2024-12-15T08:10:08","date_gmt":"2024-12-15T07:10:08","guid":{"rendered":"https:\/\/anakena.de\/?p=23622"},"modified":"2024-12-28T19:44:32","modified_gmt":"2024-12-28T18:44:32","slug":"anakena-al-cosmoprof-nord-america-miami-2025","status":"publish","type":"post","link":"https:\/\/anakena.de\/it\/anakena-auf-der-cosmoprof-north-america-miami-2025\/","title":{"rendered":"Anakena alla fiera Cosmoprof North America Miami 2025"},"content":{"rendered":"<p>Siamo lieti di annunciare che <strong><a href=\"https:\/\/anakena-cosmetics.cl\/\" target=\"_blank\" rel=\"noopener\">Anakena - Cosmetici naturali<\/a><\/strong> parteciper\u00e0 alla seconda edizione di Cosmoprof North America Miami. Questa fiera leader nel settore B2B per l'industria della bellezza si svolge da <strong>Dal 21 al 23 gennaio 2025<\/strong> presso il Centro Congressi di Miami Beach.<\/p>\n<p>Fin dai nostri inizi sul <a href=\"https:\/\/anakena.de\/de_de_formal\/entdecken\/osterinsel\/\" target=\"_blank\" rel=\"noopener\"><span style=\"color: #cdaa58;\">Isola di Pasqua<\/span><\/a> siamo appassionati nel portare nel mondo la combinazione unica di cosmetici di alta qualit\u00e0 e gli ingredienti speciali della Polinesia. La nostra partecipazione a questa prestigiosa fiera \u00e8 una grande opportunit\u00e0 per presentare i nostri prodotti, che sono stati sviluppati in <a href=\"https:\/\/anakena.de\/de_de_formal\/unser-sortiment\/\" target=\"_blank\" rel=\"noopener\">Germania<\/a> e <a href=\"https:\/\/anakena-cosmetics.cl\/\" target=\"_blank\" rel=\"noopener\">Cile<\/a> linee di prodotti sviluppate sul <strong>Mercato statunitense<\/strong> e creare contatti preziosi.<\/p>\n<p>Il <a href=\"https:\/\/www.cosmoprof.com\/en\/\" target=\"_blank\" rel=\"noopener\"><span style=\"color: #cdaa58;\">Cosmoprof<\/span><\/a>con le sue varie date e sedi in tutto il mondo, \u00e8 il <strong>la pi\u00f9 importante fiera internazionale per l'industria della bellezza<\/strong>. Copre tutti i settori, dalla cura della pelle e del make-up alle fragranze, alla cura dei capelli e delle unghie e all'intera catena di approvvigionamento. L'edizione di Miami \u00e8 stata specificamente progettata per promuovere lo scambio tra Nord, Sud e Centro America e rafforzare cos\u00ec la collaborazione all'interno dell'industria della bellezza in tutte le Americhe.<\/p>\n<p>Siamo onorati di far parte del <strong><a href=\"https:\/\/cosmoprofnorthamerica.german-pavilion.com\/en\/sites\/exhibitors\/113004\/\" target=\"_blank\" rel=\"noopener\">Padiglione tedesco<\/a><\/strong> di essere presenti al Cosmoprof North America Miami. Al nostro <strong>Stand 800-C<\/strong> non solo saremo <strong>prodotti di alta qualit\u00e0 per la cura della pelle e dei capelli<\/strong> Vorremmo anche sottolineare il nostro approccio speciale: la combinazione di scienza moderna e segreti tradizionali polinesiani per la cura della pelle. Questa combinazione rende il nostro marchio distintivo e sottolinea la nostra visione di qualit\u00e0 e autenticit\u00e0.<\/p>\n<h2><strong><br \/>Contattateci in anticipo!<\/strong><\/h2>\n<p>Invitiamo cordialmente tutti i visitatori interessati alla fiera, <span style=\"color: #000000;\">noi gi\u00e0 <strong>prima della fiera<\/strong> per contattare<\/span>. Cogliete l'occasione per saperne di pi\u00f9 sui nostri prodotti o per organizzare un incontro personale al Cosmoprof North America Miami. Scriveteci semplicemente tramite il nostro <a href=\"https:\/\/anakena.de\/de_de_formal\/kontakt\/\" target=\"_blank\" rel=\"noopener\"><span style=\"color: #cdaa58;\">Modulo di contatto<\/span><\/a> o per <a href=\"mailto:info@anakena.de\"><span style=\"color: #cdaa58;\">E-mail<\/span><\/a>.<\/p>\n<p>Non vediamo l'ora di lavorare con <strong>Proprietari di aziende, distributori, rivenditori online, stampa e altri professionisti<\/strong> L'obiettivo \u00e8 quello di entrare in contatto con gli operatori del settore e portare i prodotti speciali di Anakena sul mercato statunitense.<\/p>","protected":false},"excerpt":{"rendered":"<p>Wir freuen uns sehr, ank\u00fcndigen zu k\u00f6nnen, dass Anakena \u2013 Natural Cosmetics an der zweiten Ausgabe der Cosmoprof North America Miami teilnehmen wird. Diese f\u00fchrende B2B-Messe der Beauty-Industrie findet vom 21. bis 23. Januar 2025 im Miami Beach Convention Center statt. Seit unseren Anf\u00e4ngen auf der Osterinsel arbeiten wir mit Leidenschaft daran, die einzigartige Kombination [&hellip;]<\/p>\n","protected":false},"author":8,"featured_media":23551,"comment_status":"open","ping_status":"open","sticky":false,"template":"","format":"standard","meta":{"content-type":"","inline_featured_image":false,"ocean_post_layout":"","ocean_both_sidebars_style":"","ocean_both_sidebars_content_width":0,"ocean_both_sidebars_sidebars_width":0,"ocean_sidebar":"","ocean_second_sidebar":"","ocean_disable_margins":"enable","ocean_add_body_class":"","ocean_shortcode_before_top_bar":"","ocean_shortcode_after_top_bar":"","ocean_shortcode_before_header":"","ocean_shortcode_after_header":"","ocean_has_shortcode":"","ocean_shortcode_after_title":"","ocean_shortcode_before_footer_widgets":"","ocean_shortcode_after_footer_widgets":"","ocean_shortcode_before_footer_bottom":"","ocean_shortcode_after_footer_bottom":"","ocean_display_top_bar":"default","ocean_display_header":"default","ocean_header_style":"","ocean_center_header_left_menu":"","ocean_custom_header_template":"","ocean_custom_logo":0,"ocean_custom_retina_logo":0,"ocean_custom_logo_max_width":0,"ocean_custom_logo_tablet_max_width":0,"ocean_custom_logo_mobile_max_width":0,"ocean_custom_logo_max_height":0,"ocean_custom_logo_tablet_max_height":0,"ocean_custom_logo_mobile_max_height":0,"ocean_header_custom_menu":"","ocean_menu_typo_font_family":"","ocean_menu_typo_font_subset":"","ocean_menu_typo_font_size":0,"ocean_menu_typo_font_size_tablet":0,"ocean_menu_typo_font_size_mobile":0,"ocean_menu_typo_font_size_unit":"px","ocean_menu_typo_font_weight":"","ocean_menu_typo_font_weight_tablet":"","ocean_menu_typo_font_weight_mobile":"","ocean_menu_typo_transform":"","ocean_menu_typo_transform_tablet":"","ocean_menu_typo_transform_mobile":"","ocean_menu_typo_line_height":0,"ocean_menu_typo_line_height_tablet":0,"ocean_menu_typo_line_height_mobile":0,"ocean_menu_typo_line_height_unit":"","ocean_menu_typo_spacing":0,"ocean_menu_typo_spacing_tablet":0,"ocean_menu_typo_spacing_mobile":0,"ocean_menu_typo_spacing_unit":"","ocean_menu_link_color":"","ocean_menu_link_color_hover":"","ocean_menu_link_color_active":"","ocean_menu_link_background":"","ocean_menu_link_hover_background":"","ocean_menu_link_active_background":"","ocean_menu_social_links_bg":"","ocean_menu_social_hover_links_bg":"","ocean_menu_social_links_color":"","ocean_menu_social_hover_links_color":"","ocean_disable_title":"default","ocean_disable_heading":"default","ocean_post_title":"","ocean_post_subheading":"","ocean_post_title_style":"","ocean_post_title_background_color":"","ocean_post_title_background":0,"ocean_post_title_bg_image_position":"","ocean_post_title_bg_image_attachment":"","ocean_post_title_bg_image_repeat":"","ocean_post_title_bg_image_size":"","ocean_post_title_height":0,"ocean_post_title_bg_overlay":0.5,"ocean_post_title_bg_overlay_color":"","ocean_disable_breadcrumbs":"default","ocean_breadcrumbs_color":"","ocean_breadcrumbs_separator_color":"","ocean_breadcrumbs_links_color":"","ocean_breadcrumbs_links_hover_color":"","ocean_display_footer_widgets":"default","ocean_display_footer_bottom":"default","ocean_custom_footer_template":"","ocean_post_oembed":"","ocean_post_self_hosted_media":"","ocean_post_video_embed":"","ocean_link_format":"","ocean_link_format_target":"self","ocean_quote_format":"","ocean_quote_format_link":"post","ocean_gallery_link_images":"on","ocean_gallery_id":[],"footnotes":""},"categories":[97,95,96],"tags":[],"class_list":["post-23622","post","type-post","status-publish","format-standard","has-post-thumbnail","hentry","category-anakena-kosmetik","category-meet-anakena","category-messen","entry","has-media","owp-thumbs-layout-horizontal","owp-btn-normal","owp-tabs-layout-vertical","has-no-thumbnails","has-product-nav"],"amp_enabled":true,"_links":{"self":[{"href":"https:\/\/anakena.de\/it\/wp-json\/wp\/v2\/posts\/23622","targetHints":{"allow":["GET"]}}],"collection":[{"href":"https:\/\/anakena.de\/it\/wp-json\/wp\/v2\/posts"}],"about":[{"href":"https:\/\/anakena.de\/it\/wp-json\/wp\/v2\/types\/post"}],"author":[{"embeddable":true,"href":"https:\/\/anakena.de\/it\/wp-json\/wp\/v2\/users\/8"}],"replies":[{"embeddable":true,"href":"https:\/\/anakena.de\/it\/wp-json\/wp\/v2\/comments?post=23622"}],"version-history":[{"count":0,"href":"https:\/\/anakena.de\/it\/wp-json\/wp\/v2\/posts\/23622\/revisions"}],"wp:featuredmedia":[{"embeddable":true,"href":"https:\/\/anakena.de\/it\/wp-json\/wp\/v2\/media\/23551"}],"wp:attachment":[{"href":"https:\/\/anakena.de\/it\/wp-json\/wp\/v2\/media?parent=23622"}],"wp:term":[{"taxonomy":"category","embeddable":true,"href":"https:\/\/anakena.de\/it\/wp-json\/wp\/v2\/categories?post=23622"},{"taxonomy":"post_tag","embeddable":true,"href":"https:\/\/anakena.de\/it\/wp-json\/wp\/v2\/tags?post=23622"}],"curies":[{"name":"wp","href":"https:\/\/api.w.org\/{rel}","templated":true}]}}